{"id":1002,"date":"2017-11-20T15:54:47","date_gmt":"2017-11-20T13:54:47","guid":{"rendered":"http:\/\/deutsch.bashariyat.org\/?p=1002"},"modified":"2017-11-20T15:55:05","modified_gmt":"2017-11-20T13:55:05","slug":"beschreibung-des-audioclips-internationaler-pakt-ueber-buergerliche-und-politische-rechte-1966","status":"publish","type":"post","link":"https:\/\/deutsch.bashariyat.org\/?p=1002","title":{"rendered":"Beschreibung des Audioclips (Internationaler Pakt \u00fcber b\u00fcrgerliche und politische Rechte, 1966)"},"content":{"rendered":"<h3>In Zusammenarbeit mit dem Ausschuss f\u00fcr Bildung und Forschung und der Gruppe von Audio und Video<br \/>\nAufgef\u00fchrt von: Menschenrechtsaktivisten Maryam Moradi und Ehsan Hayak<br \/>\nHerausgeber: Abolfazl Parvizi<\/h3>\n<div class=\"embed-container\"><iframe loading=\"lazy\" title=\"\u0634\u0631\u062d \u0645\u06cc\u062b\u0627\u0642 \u0628\u06cc\u0646 \u0627\u0644\u0645\u0644\u0644\u06cc \u062d\u0642\u0648\u0642 \u0645\u062f\u0646\u06cc \u0648 \u0633\u06cc\u0627\u0633\u06cc \u0645\u0635\u0648\u0628 1966 \u06a9\u0627\u0631\u06cc \u0627\u0632 \u06a9\u0627\u0646\u0648\u0646 \u062f\u0641\u0627\u0639 \u0627\u0632 \u062d\u0642\u0648\u0642 \u0628\u0634\u0631 \u062f\u0631 \u0627\u06cc\u0631\u0627\u0646\" width=\"1170\" height=\"658\" src=\"https:\/\/www.youtube.com\/embed\/LopKXbk6HC8?feature=oembed\" frameborder=\"0\" allow=\"accelerometer; autoplay; clipboard-write; encrypted-media; gyroscope; picture-in-picture; web-share\" referrerpolicy=\"strict-origin-when-cross-origin\" allowfullscreen><\/iframe><\/div>\n","protected":false},"excerpt":{"rendered":"<p>In Zusammenarbeit mit dem Ausschuss f\u00fcr Bildung und Forschung und der Gruppe von Audio und Video Aufgef\u00fchrt von: Menschenrechtsaktivisten Maryam Moradi und Ehsan Hayak Herausgeber: Abolfazl Parvizi<\/p>\n","protected":false},"author":2,"featured_media":0,"comment_status":"closed","ping_status":"closed","sticky":false,"template":"","format":"standard","meta":{"footnotes":""},"categories":[1],"tags":[],"class_list":["post-1002","post","type-post","status-publish","format-standard","hentry","category-allgemein","item-wrap"],"_links":{"self":[{"href":"https:\/\/deutsch.bashariyat.org\/index.php?rest_route=\/wp\/v2\/posts\/1002","targetHints":{"allow":["GET"]}}],"collection":[{"href":"https:\/\/deutsch.bashariyat.org\/index.php?rest_route=\/wp\/v2\/posts"}],"about":[{"href":"https:\/\/deutsch.bashariyat.org\/index.php?rest_route=\/wp\/v2\/types\/post"}],"author":[{"embeddable":true,"href":"https:\/\/deutsch.bashariyat.org\/index.php?rest_route=\/wp\/v2\/users\/2"}],"replies":[{"embeddable":true,"href":"https:\/\/deutsch.bashariyat.org\/index.php?rest_route=%2Fwp%2Fv2%2Fcomments&post=1002"}],"version-history":[{"count":1,"href":"https:\/\/deutsch.bashariyat.org\/index.php?rest_route=\/wp\/v2\/posts\/1002\/revisions"}],"predecessor-version":[{"id":1003,"href":"https:\/\/deutsch.bashariyat.org\/index.php?rest_route=\/wp\/v2\/posts\/1002\/revisions\/1003"}],"wp:attachment":[{"href":"https:\/\/deutsch.bashariyat.org\/index.php?rest_route=%2Fwp%2Fv2%2Fmedia&parent=1002"}],"wp:term":[{"taxonomy":"category","embeddable":true,"href":"https:\/\/deutsch.bashariyat.org\/index.php?rest_route=%2Fwp%2Fv2%2Fcategories&post=1002"},{"taxonomy":"post_tag","embeddable":true,"href":"https:\/\/deutsch.bashariyat.org\/index.php?rest_route=%2Fwp%2Fv2%2Ftags&post=1002"}],"curies":[{"name":"wp","href":"https:\/\/api.w.org\/{rel}","templated":true}]}}