{"id":2511,"date":"2019-11-16T15:52:12","date_gmt":"2019-11-16T13:52:12","guid":{"rendered":"http:\/\/deutsch.bashariyat.org\/?p=2511"},"modified":"2019-11-16T15:52:12","modified_gmt":"2019-11-16T13:52:12","slug":"die-einladung-zur-generalversammlung-der-vereinigung-zur-verteidigung-der-menschenrechte-im-iran-01-dezember-2019","status":"publish","type":"post","link":"https:\/\/deutsch.bashariyat.org\/?p=2511","title":{"rendered":"Die Einladung zur Generalversammlung der Vereinigung zur Verteidigung der Menschenrechte im Iran 01.Dezember 2019"},"content":{"rendered":"<p><span style=\"font-family: tahoma, arial, helvetica, sans-serif; color: #ff0000;\">Die Einladung zur Generalversammlung der Vereinigung zur Verteidigung der Menschenrechte im Iran<\/span><\/p>\n<p style=\"text-align: center;\"><span style=\"font-family: tahoma, arial, helvetica, sans-serif;\"><span class=\"Apple-converted-space\">\u00a0<\/span>01.Dezember 2019<\/span><\/p>\n<p style=\"text-align: center;\"><span style=\"font-family: tahoma, arial, helvetica, sans-serif;\">Um 14:00 Uhr<\/span><\/p>\n<p><span style=\"font-family: tahoma, arial, helvetica, sans-serif;\">Sehr geehrte Mitglieder und Beamte des Zentrums f\u00fcr die Vereinigung zur Verteidigung der Menschenrechte im Iran<\/span><!--more--><\/p>\n<p><span style=\"font-family: tahoma, arial, helvetica, sans-serif;\">Die monatlichen Generalversammlung findet am Sonntag, 01.Dezember 2019, um 14:00 Uhr MEZ im Paltak Media<span class=\"Apple-converted-space\">\u00a0 <\/span>im<span class=\"Apple-converted-space\">\u00a0 <\/span>ranischen Menschenrechtszentrum zur Verteidigung der Menschenrechte statt.<\/span><\/p>\n<p><span style=\"font-family: tahoma, arial, helvetica, sans-serif;\">Plenarsitzungen der Generalversammlung und \u00dcberpr\u00fcfung der administrativen Situation des Amtes:<\/span><\/p>\n<p><span style=\"font-family: tahoma, arial, helvetica, sans-serif;\">1)Begr\u00fc\u00dfung und Berichterstattung \u00fcber die Leistung der PR und des Treffens im letzten Monat durch Frau Irandokht Kia (5 Minuten)<\/span><\/p>\n<p><span style=\"font-family: tahoma, arial, helvetica, sans-serif;\">2)Vertreter der Repr\u00e4sentanz und \u00dcberpr\u00fcfung ihrer Leistung durch die Mitglieder (Jeder 5 Minuten)<\/span><\/p>\n<p><span style=\"font-family: tahoma, arial, helvetica, sans-serif;\">3) Bericht<span class=\"Apple-converted-space\">\u00a0 <\/span>des Delegierter Repr\u00e4sentanz durch Herr Rasoul Zamanabadi<\/span><\/p>\n<p><span style=\"font-family: tahoma, arial, helvetica, sans-serif;\">4) Bericht<span class=\"Apple-converted-space\">\u00a0 <\/span>des Ausschuss und \u00dcberpr\u00fcfung die Leistung von Mitgliedern(Jeder 5 Minuten)<\/span><\/p>\n<p><span style=\"font-family: tahoma, arial, helvetica, sans-serif;\">5) Bericht des Delegierter Ausschuss durch Frau Zarrin Taj Ilyasi (5 Minuten)<\/span><\/p>\n<p><span style=\"font-family: tahoma, arial, helvetica, sans-serif;\">6)Bericht des Ausschusses f\u00fcr Bildung und Forschung durch Frau Lida Ashjae und Frau Niloufar Imanian (jeder 5 Minuten)<\/span><\/p>\n<p><span style=\"font-family: tahoma, arial, helvetica, sans-serif;\">7)Bericht \u00fcber Internetangelegenheiten Und \u00dcberpr\u00fcfung seiner Leistung durch Herrn Rasoul Abbasi (5 Minuten)<\/span><\/p>\n<p><span style=\"font-family: tahoma, arial, helvetica, sans-serif;\">8)Der Bericht der Internet Bibliothek von der VVMIran Und \u00dcberpr\u00fcfung seiner Leistung durch Herrn Mehdi Golsefidi (5 Minuten)<\/span><\/p>\n<p><span style=\"font-family: tahoma, arial, helvetica, sans-serif;\">9)Bericht der Medienabteilung Und \u00dcberpr\u00fcfung seiner Leistung durch Frau Rosa Jahan Bin (10 Minuten)<\/span><\/p>\n<p><span style=\"font-family: tahoma, arial, helvetica, sans-serif;\">10)Bericht des Internet-Angelegenheiten Und \u00dcberpr\u00fcfung seiner Leistung durch Mitglieder von Herr Rasoul Abassi Zamanabadi(5 Minuten)<\/span><\/p>\n<p><span style=\"font-family: tahoma, arial, helvetica, sans-serif;\">11)Audio- und Videobereich Und \u00dcberpr\u00fcfung seiner Leistung durch Mitglieder von Herrn Mohammad Golestanjou (5 Minuten)<\/span><\/p>\n<p><span style=\"font-family: tahoma, arial, helvetica, sans-serif;\">12)Bericht des Internetradio der VVM im Iran Und \u00dcberpr\u00fcfung seiner Leistung durch Mitglieder von Herrn Saeed Hosseini (10 Minuten)<\/span><\/p>\n<p><span style=\"font-family: tahoma, arial, helvetica, sans-serif;\">13)Bericht der Kommunikation Und \u00dcberpr\u00fcfung seiner Leistung von Frau Masoumeh Tavakoli (5 Minuten)<\/span><\/p>\n<p><span style=\"font-family: tahoma, arial, helvetica, sans-serif;\">14)Bericht der persischen Seite Und \u00dcberpr\u00fcfung seiner Leistung durch die Mitglieder, Herr Naser Norouzi Barcoussai (5 Minuten)<\/span><\/p>\n<p><span style=\"font-family: tahoma, arial, helvetica, sans-serif;\">15)Bericht der englischen Seite Und \u00dcberpr\u00fcfung seiner Leistung durch Mitgliedern von Herrn Alireza Jahanbeh (5 Minuten)<\/span><\/p>\n<p><span style=\"font-family: tahoma, arial, helvetica, sans-serif;\">16)Bericht der Deutsche Seite Und \u00dcberpr\u00fcfung seiner Leistung durch Mitgliedern von Frau Niloufar Imanian<\/span><\/p>\n<p><span style=\"font-family: tahoma, arial, helvetica, sans-serif;\">17)Monatlicher Redaktionsbericht Und \u00dcberpr\u00fcfung seiner Leistung durch Mitgliedern von Frau Shabnam Rezavand<\/span><\/p>\n<p><span style=\"font-family: tahoma, arial, helvetica, sans-serif;\">18)Finanzbericht Und \u00dcberpr\u00fcfung seiner Leistung durch Mitgliedern von Herrn Alireza Hojati<\/span><\/p>\n<p><span style=\"font-family: tahoma, arial, helvetica, sans-serif;\">19)Der Bericht des Vorstand Und \u00fcberpr\u00fcfen seine Leistung durch Herrn Amir Nilo (10 Minuten)<\/span><\/p>\n<p><span style=\"font-family: tahoma, arial, helvetica, sans-serif;\">20)Diskussionen und Vorschl\u00e4ge von Kollegen und Schlussfolgerungen dar\u00fcber (30 Minuten)<\/span><\/p>\n<p><span style=\"font-family: tahoma, arial, helvetica, sans-serif;\"><b>Standort:Paltalk , VVM im Iran<span class=\"Apple-converted-space\">\u00a0<\/span><\/b><\/span><\/p>\n<p><span style=\"font-family: tahoma, arial, helvetica, sans-serif;\">Paltalk<\/span><\/p>\n<p><span style=\"font-family: tahoma, arial, helvetica, sans-serif;\">Social Issues and Politics<\/span><\/p>\n<p><span style=\"font-family: tahoma, arial, helvetica, sans-serif;\">Human Rights<\/span><\/p>\n<p><span style=\"font-family: tahoma, arial, helvetica, sans-serif;\">Kanoon Defa az Hoqoq Bashar dar Iran<\/span><\/p>\n<p><span style=\"font-family: tahoma, arial, helvetica, sans-serif;\">Hinweis: Die Anwesenheit aller Beamten und Mitglieder der Vereinigung ist rechtzeitig und notwendig bei der Versammlung.<\/span><\/p>\n<p>&nbsp;<\/p>\n<p><span style=\"font-family: tahoma, arial, helvetica, sans-serif;\"><b>Irandokht Kia<\/b><\/span><\/p>\n<p><span style=\"font-family: tahoma, arial, helvetica, sans-serif;\"><b>Verantwortlich f\u00fcr den PR-Ausschuss<\/b><\/span><\/p>\n","protected":false},"excerpt":{"rendered":"<p>Die Einladung zur Generalversammlung der Vereinigung zur Verteidigung der Menschenrechte im Iran \u00a001.Dezember 2019 Um 14:00 Uhr Sehr geehrte Mitglieder und Beamte des Zentrums f\u00fcr die Vereinigung zur Verteidigung der Menschenrechte im Iran<\/p><p><a class=\"more-link btn\" href=\"https:\/\/deutsch.bashariyat.org\/?p=2511\">Weiterlesen<\/a><\/p>\n","protected":false},"author":2,"featured_media":0,"comment_status":"closed","ping_status":"closed","sticky":false,"template":"","format":"standard","meta":{"footnotes":""},"categories":[10],"tags":[],"class_list":["post-2511","post","type-post","status-publish","format-standard","hentry","category-rueckruf","item-wrap"],"_links":{"self":[{"href":"https:\/\/deutsch.bashariyat.org\/index.php?rest_route=\/wp\/v2\/posts\/2511","targetHints":{"allow":["GET"]}}],"collection":[{"href":"https:\/\/deutsch.bashariyat.org\/index.php?rest_route=\/wp\/v2\/posts"}],"about":[{"href":"https:\/\/deutsch.bashariyat.org\/index.php?rest_route=\/wp\/v2\/types\/post"}],"author":[{"embeddable":true,"href":"https:\/\/deutsch.bashariyat.org\/index.php?rest_route=\/wp\/v2\/users\/2"}],"replies":[{"embeddable":true,"href":"https:\/\/deutsch.bashariyat.org\/index.php?rest_route=%2Fwp%2Fv2%2Fcomments&post=2511"}],"version-history":[{"count":1,"href":"https:\/\/deutsch.bashariyat.org\/index.php?rest_route=\/wp\/v2\/posts\/2511\/revisions"}],"predecessor-version":[{"id":2512,"href":"https:\/\/deutsch.bashariyat.org\/index.php?rest_route=\/wp\/v2\/posts\/2511\/revisions\/2512"}],"wp:attachment":[{"href":"https:\/\/deutsch.bashariyat.org\/index.php?rest_route=%2Fwp%2Fv2%2Fmedia&parent=2511"}],"wp:term":[{"taxonomy":"category","embeddable":true,"href":"https:\/\/deutsch.bashariyat.org\/index.php?rest_route=%2Fwp%2Fv2%2Fcategories&post=2511"},{"taxonomy":"post_tag","embeddable":true,"href":"https:\/\/deutsch.bashariyat.org\/index.php?rest_route=%2Fwp%2Fv2%2Ftags&post=2511"}],"curies":[{"name":"wp","href":"https:\/\/api.w.org\/{rel}","templated":true}]}}