{"id":2562,"date":"2019-11-30T21:44:14","date_gmt":"2019-11-30T19:44:14","guid":{"rendered":"http:\/\/deutsch.bashariyat.org\/?p=2562"},"modified":"2019-11-30T21:44:14","modified_gmt":"2019-11-30T19:44:14","slug":"video-clip-1-dezember-international-welt-aids-tag-hiv","status":"publish","type":"post","link":"https:\/\/deutsch.bashariyat.org\/?p=2562","title":{"rendered":"Video-Clip 1. Dezember International Welt-AIDS-Tag HIV"},"content":{"rendered":"<p><span style=\"font-family: tahoma, arial, helvetica, sans-serif; color: #000000;\">Der Welt-AIDS-Tag wurde erstmals 1988 von der <a style=\"color: #000000;\" title=\"Weltgesundheitsorganisation\" href=\"https:\/\/de.wikipedia.org\/wiki\/Weltgesundheitsorganisation\">Weltgesundheitsorganisation<\/a> (WHO) ausgerufen und von Anfang an unter ein besonderes Motto, an dem sich die Aktivit\u00e4ten der AIDS-Organisationen in den verschiedenen L\u00e4ndern orientieren k\u00f6nnen, gestellt. Seit 1996 wird der Welt-AIDS-Tag von der UNAIDS organisiert.<\/span><\/p>\n<div class=\"embed-container\"><iframe loading=\"lazy\" title=\"\u0631\u0648\u0632 \u062c\u0647\u0627\u0646\u06cc \u0627\u06cc\u062f\u0632\u060c \u06af\u0631\u0627\u0645\u06cc\u062f\u0627\u0634\u062a \u06f1 \u062f\u0633\u0627\u0645\u0628\u0631\" width=\"1170\" height=\"658\" src=\"https:\/\/www.youtube.com\/embed\/oEa6bXi9AFw?feature=oembed\" frameborder=\"0\" allow=\"accelerometer; autoplay; clipboard-write; encrypted-media; gyroscope; picture-in-picture; web-share\" referrerpolicy=\"strict-origin-when-cross-origin\" allowfullscreen><\/iframe><\/div>\n<p><!--more--><\/p>\n<p><span style=\"font-family: tahoma, arial, helvetica, sans-serif; color: #000000;\">Rund um den Globus erinnern am 1. Dezember verschiedenste Organisationen an das Thema <a style=\"color: #000000;\" title=\"AIDS\" href=\"https:\/\/de.wikipedia.org\/wiki\/AIDS\">AIDS<\/a> und rufen dazu auf, aktiv zu werden und Solidarit\u00e4t mit <a class=\"mw-redirect\" style=\"color: #000000;\" title=\"Humanes Immundefizienz-Virus\" href=\"https:\/\/de.wikipedia.org\/wiki\/Humanes_Immundefizienz-Virus\">HIV<\/a>-Infizierten, AIDS-Kranken und den ihnen nahestehenden Menschen zu zeigen. Der Welt-AIDS-Tag dient auch dazu, Verantwortliche in <a style=\"color: #000000;\" title=\"Politik\" href=\"https:\/\/de.wikipedia.org\/wiki\/Politik\">Politik<\/a>, <a style=\"color: #000000;\" title=\"Massenmedien\" href=\"https:\/\/de.wikipedia.org\/wiki\/Massenmedien\">Massenmedien<\/a>, <a style=\"color: #000000;\" title=\"Wirtschaft\" href=\"https:\/\/de.wikipedia.org\/wiki\/Wirtschaft\">Wirtschaft<\/a> und <a style=\"color: #000000;\" title=\"Gesellschaft (Soziologie)\" href=\"https:\/\/de.wikipedia.org\/wiki\/Gesellschaft_(Soziologie)\">Gesellschaft<\/a>\u00a0\u2013 weltweit wie auch in Europa und Deutschland\u00a0\u2013 daran zu erinnern, dass die HIV-\/AIDS-<a style=\"color: #000000;\" title=\"Pandemie\" href=\"https:\/\/de.wikipedia.org\/wiki\/Pandemie\">Pandemie<\/a> weiter besteht.<\/span><\/p>\n<p><span style=\"font-family: tahoma, arial, helvetica, sans-serif; color: #000000;\">F\u00fcr die Jahre 2005 bis 2010 lautete das internationale Welt-AIDS-Tag-Motto \u201eStop AIDS: Keep the Promise\u201c. Es sollte Politiker in aller Welt an ihr auf der Sondersitzung der Vereinten Nationen zu HIV\/AIDS im Juni 2001 gegebenes Versprechen erinnern, sich national wie international st\u00e4rker im Kampf gegen die weltweite HIV-\/AIDS-Pandemie zu engagieren.<\/span><\/p>\n","protected":false},"excerpt":{"rendered":"<p>Der Welt-AIDS-Tag wurde erstmals 1988 von der Weltgesundheitsorganisation (WHO) ausgerufen und von Anfang an unter ein besonderes Motto, an dem sich die Aktivit\u00e4ten der AIDS-Organisationen in den verschiedenen L\u00e4ndern orientieren k\u00f6nnen, gestellt. Seit 1996 wird der Welt-AIDS-Tag von der UNAIDS organisiert.<\/p><p><a class=\"more-link btn\" href=\"https:\/\/deutsch.bashariyat.org\/?p=2562\">Weiterlesen<\/a><\/p>\n","protected":false},"author":2,"featured_media":0,"comment_status":"closed","ping_status":"closed","sticky":false,"template":"","format":"standard","meta":{"footnotes":""},"categories":[17],"tags":[],"class_list":["post-2562","post","type-post","status-publish","format-standard","hentry","category-videoclip","item-wrap"],"_links":{"self":[{"href":"https:\/\/deutsch.bashariyat.org\/index.php?rest_route=\/wp\/v2\/posts\/2562","targetHints":{"allow":["GET"]}}],"collection":[{"href":"https:\/\/deutsch.bashariyat.org\/index.php?rest_route=\/wp\/v2\/posts"}],"about":[{"href":"https:\/\/deutsch.bashariyat.org\/index.php?rest_route=\/wp\/v2\/types\/post"}],"author":[{"embeddable":true,"href":"https:\/\/deutsch.bashariyat.org\/index.php?rest_route=\/wp\/v2\/users\/2"}],"replies":[{"embeddable":true,"href":"https:\/\/deutsch.bashariyat.org\/index.php?rest_route=%2Fwp%2Fv2%2Fcomments&post=2562"}],"version-history":[{"count":1,"href":"https:\/\/deutsch.bashariyat.org\/index.php?rest_route=\/wp\/v2\/posts\/2562\/revisions"}],"predecessor-version":[{"id":2563,"href":"https:\/\/deutsch.bashariyat.org\/index.php?rest_route=\/wp\/v2\/posts\/2562\/revisions\/2563"}],"wp:attachment":[{"href":"https:\/\/deutsch.bashariyat.org\/index.php?rest_route=%2Fwp%2Fv2%2Fmedia&parent=2562"}],"wp:term":[{"taxonomy":"category","embeddable":true,"href":"https:\/\/deutsch.bashariyat.org\/index.php?rest_route=%2Fwp%2Fv2%2Fcategories&post=2562"},{"taxonomy":"post_tag","embeddable":true,"href":"https:\/\/deutsch.bashariyat.org\/index.php?rest_route=%2Fwp%2Fv2%2Ftags&post=2562"}],"curies":[{"name":"wp","href":"https:\/\/api.w.org\/{rel}","templated":true}]}}