{"id":2573,"date":"2019-11-20T16:50:18","date_gmt":"2019-11-20T14:50:18","guid":{"rendered":"http:\/\/deutsch.bashariyat.org\/?p=2573"},"modified":"2019-12-01T16:56:05","modified_gmt":"2019-12-01T14:56:05","slug":"einladung-zur-sitzung-des-ausschuss-der-bildung-und-forschung-im-iran-am-23-nov-2019","status":"publish","type":"post","link":"https:\/\/deutsch.bashariyat.org\/?p=2573","title":{"rendered":"Einladung zur Sitzung des Ausschuss der Bildung und Forschung im Iran am 23.Nov.2019"},"content":{"rendered":"<p style=\"text-align: center;\"><span style=\"font-family: tahoma, arial, helvetica, sans-serif;\">Ausschuss der Bildung und Forschung im Iran zusammentragt<span class=\"Apple-converted-space\">\u00a0<\/span><\/span><\/p>\n<p style=\"text-align: center;\"><span style=\"font-family: tahoma, arial, helvetica, sans-serif;\"><span style=\"color: #ff0000;\">Vortrag, Fragen und Antworten, Diskussionen und Unterhaltung<\/span>\u00a0<\/span><\/p>\n<p style=\"text-align: center;\"><span style=\"font-family: tahoma, arial, helvetica, sans-serif;\"><b>Nachdenken<\/b><\/span><\/p>\n<p><span style=\"font-family: tahoma, arial, helvetica, sans-serif;\">Alle Repr\u00e4sentationen und alle Aussch\u00fcssen des Vereinigung zur Verteidigung der Menschenrechte im Iran werden zur Teilnahme an diesem Treffen eingeladen.<\/span><!--more--><\/p>\n<p><span style=\"color: #ff0000;\">Mit dem Thema :<\/span><\/p>\n<p style=\"text-align: center;\"><span style=\"font-family: tahoma, arial, helvetica, sans-serif;\"><b>Ziel 15 f\u00fcr nachhaltige Entwicklung UNESCO 2030<\/b><\/span><\/p>\n<p style=\"text-align: center;\"><span style=\"font-family: tahoma, arial, helvetica, sans-serif;\">Land\u00f6kosysteme sch\u00fctzen, wiederherstellen und ihre nachhaltige Nutzung f\u00f6rdern, W\u00e4lder nachhaltig bewirtschaften, W\u00fcstenbildung bek\u00e4mpfen, Bodenverschlechterung stoppen und umkehren und den Biodiversit\u00e4tsverlust stoppen<\/span><\/p>\n<p><span style=\"font-family: tahoma, arial, helvetica, sans-serif; color: #ff0000;\">Sitzungsg\u00e4ste:<\/span><\/p>\n<p><span style=\"font-family: tahoma, arial, helvetica, sans-serif;\"><b>Herr Ali Ahmadi Malek<span class=\"Apple-converted-space\">\u00a0 <\/span>,<span class=\"Apple-converted-space\">\u00a0 <\/span>Herr Mohamadreza Ahmadi Abghad ,<span class=\"Apple-converted-space\">\u00a0 <\/span>Herr Hashem(Arash) Rezaee<\/b><\/span><\/p>\n<p><span style=\"font-family: tahoma, arial, helvetica, sans-serif; color: #0000ff;\">Zeit:Samstag, 23.Nov. 2019, 15:00 Uhr MEZ<\/span><\/p>\n<p><span style=\"font-family: tahoma, arial, helvetica, sans-serif; color: #0000ff;\">Veranstaltungsort: Paltalk Civic, Workplace des Ausschuss der Bildung und Forschung im Iran<span class=\"Apple-converted-space\">\u00a0<\/span><\/span><\/p>\n<p><span style=\"font-family: tahoma, arial, helvetica, sans-serif;\">Paltalk ; View all<\/span><\/p>\n<p><span style=\"font-family: tahoma, arial, helvetica, sans-serif;\">Social, Issues and Politics<\/span><\/p>\n<p><span style=\"font-family: tahoma, arial, helvetica, sans-serif;\">Human Rights<\/span><\/p>\n<p><span style=\"font-family: tahoma, arial, helvetica, sans-serif;\">Kanuon Defa Az Hoghoghe Bashare Iran Pajohesh<\/span><\/p>\n<p><span style=\"font-family: tahoma, arial, helvetica, sans-serif;\"><b>Unsere Kollegen und Aktivisten, die uns bei diesem Treffen helfen:<\/b><\/span><\/p>\n<p><span style=\"font-family: tahoma, arial, helvetica, sans-serif;\">Verantwortlich f\u00fcr die Sitzung<b>: Niloufar Imanian<\/b><\/span><\/p>\n<p><span style=\"font-family: tahoma, arial, helvetica, sans-serif;\">Sekret\u00e4r der Sitzung<b>: Mehrdad Rashidi<\/b><\/span><\/p>\n<p><span style=\"font-family: tahoma, arial, helvetica, sans-serif;\">Soundtrack<b>: Abolfazl Parvizi,Hashem Rezaee<\/b><\/span><\/p>\n<p><span style=\"font-family: tahoma, arial, helvetica, sans-serif;\">Admins<b>: Abolfazl Parvizi,,Mohammad Golestanjoo,Hashem Rezaee<\/b><\/span><\/p>\n<p>&nbsp;<\/p>\n<p><span style=\"font-family: tahoma, arial, helvetica, sans-serif;\"><b>Vereinigung zur Verteidigung der Menschenrechte im Iran<span class=\"Apple-converted-space\">\u00a0<\/span><\/b><\/span><\/p>\n<p><span style=\"font-family: tahoma, arial, helvetica, sans-serif;\"><b>Ausschuss der Bildung und Forschung<\/b><\/span><\/p>\n","protected":false},"excerpt":{"rendered":"<p>Ausschuss der Bildung und Forschung im Iran zusammentragt\u00a0 Vortrag, Fragen und Antworten, Diskussionen und Unterhaltung\u00a0 Nachdenken Alle Repr\u00e4sentationen und alle Aussch\u00fcssen des Vereinigung zur Verteidigung der Menschenrechte im Iran werden zur Teilnahme an diesem Treffen eingeladen.<\/p><p><a class=\"more-link btn\" href=\"https:\/\/deutsch.bashariyat.org\/?p=2573\">Weiterlesen<\/a><\/p>\n","protected":false},"author":2,"featured_media":0,"comment_status":"closed","ping_status":"closed","sticky":false,"template":"","format":"standard","meta":{"footnotes":""},"categories":[10],"tags":[],"class_list":["post-2573","post","type-post","status-publish","format-standard","hentry","category-rueckruf","item-wrap"],"_links":{"self":[{"href":"https:\/\/deutsch.bashariyat.org\/index.php?rest_route=\/wp\/v2\/posts\/2573","targetHints":{"allow":["GET"]}}],"collection":[{"href":"https:\/\/deutsch.bashariyat.org\/index.php?rest_route=\/wp\/v2\/posts"}],"about":[{"href":"https:\/\/deutsch.bashariyat.org\/index.php?rest_route=\/wp\/v2\/types\/post"}],"author":[{"embeddable":true,"href":"https:\/\/deutsch.bashariyat.org\/index.php?rest_route=\/wp\/v2\/users\/2"}],"replies":[{"embeddable":true,"href":"https:\/\/deutsch.bashariyat.org\/index.php?rest_route=%2Fwp%2Fv2%2Fcomments&post=2573"}],"version-history":[{"count":2,"href":"https:\/\/deutsch.bashariyat.org\/index.php?rest_route=\/wp\/v2\/posts\/2573\/revisions"}],"predecessor-version":[{"id":2575,"href":"https:\/\/deutsch.bashariyat.org\/index.php?rest_route=\/wp\/v2\/posts\/2573\/revisions\/2575"}],"wp:attachment":[{"href":"https:\/\/deutsch.bashariyat.org\/index.php?rest_route=%2Fwp%2Fv2%2Fmedia&parent=2573"}],"wp:term":[{"taxonomy":"category","embeddable":true,"href":"https:\/\/deutsch.bashariyat.org\/index.php?rest_route=%2Fwp%2Fv2%2Fcategories&post=2573"},{"taxonomy":"post_tag","embeddable":true,"href":"https:\/\/deutsch.bashariyat.org\/index.php?rest_route=%2Fwp%2Fv2%2Ftags&post=2573"}],"curies":[{"name":"wp","href":"https:\/\/api.w.org\/{rel}","templated":true}]}}