{"id":2679,"date":"2020-01-05T16:26:30","date_gmt":"2020-01-05T14:26:30","guid":{"rendered":"http:\/\/deutsch.bashariyat.org\/?p=2679"},"modified":"2020-01-05T16:26:30","modified_gmt":"2020-01-05T14:26:30","slug":"einladung-zur-sitzung-des-verteidigungsausschuss-der-anhaenger-der-religion-rechte-im-iran-am-16-jan-2020","status":"publish","type":"post","link":"https:\/\/deutsch.bashariyat.org\/?p=2679","title":{"rendered":"Einladung zur Sitzung\u00a0 des Verteidigungsausschuss der Anh\u00e4nger der Religion-Rechte im Iran am 16.Jan.2020"},"content":{"rendered":"<p style=\"text-align: center;\"><span style=\"font-family: tahoma, arial, helvetica, sans-serif;\"><span style=\"color: #ff0000;\">Verteidigungsausschuss der Anh\u00e4nger der Religion-Rechte zusammentragt<\/span><span class=\"Apple-converted-space\">\u00a0<\/span><\/span><\/p>\n<p style=\"text-align: center;\"><span style=\"font-family: tahoma, arial, helvetica, sans-serif;\">Vortrag, Fragen und Antworten, Diskussionen und Unterhalten<\/span><\/p>\n<p><span style=\"font-family: tahoma, arial, helvetica, sans-serif;\"><b>Referenten und Vortr\u00e4ge:<\/b><\/span><!--more--><\/p>\n<p><span style=\"font-family: tahoma, arial, helvetica, sans-serif;\">Ahmadreza Irannejad Kaloalia :<\/span><\/p>\n<p><span style=\"font-family: tahoma, arial, helvetica, sans-serif;\"><b>Bericht und Analyse von Verletzungen der Rechte des Anh\u00e4nger der Religion im Juni in Monat Dez<\/b><\/span><\/p>\n<p><span style=\"font-family: tahoma, arial, helvetica, sans-serif;\">Atefeh Khajenasiri Yazdi:<\/span><\/p>\n<p><span style=\"font-family: tahoma, arial, helvetica, sans-serif;\"><b>Artikel 23 \u00dcberpr\u00fcfung der Allgemeinen Erkl\u00e4rung der Menschenrechte Und vergleichen Sie es mit der Verfassung der Islamischen Republik Iran<\/b><\/span><\/p>\n<p><span style=\"font-family: tahoma, arial, helvetica, sans-serif;\">Afshin Shahinzadeh:<\/span><\/p>\n<p><span style=\"font-family: tahoma, arial, helvetica, sans-serif;\"><b>Ein Blick auf die Geschichte des Bah\u00e1&#8217;\u00ed-Glaubens im Iran<\/b><\/span><\/p>\n<p><span style=\"font-family: tahoma, arial, helvetica, sans-serif;\">Merab Zareei:<\/span><\/p>\n<p><span style=\"font-family: tahoma, arial, helvetica, sans-serif;\"><b>Ein Blick auf Anh\u00e4nger anderer Religionen im Iran (anl\u00e4sslich des Weltreligionstages)<\/b><\/span><\/p>\n<p><span style=\"font-family: tahoma, arial, helvetica, sans-serif;\">Hashem Rezaee:<\/span><\/p>\n<p><span style=\"font-family: tahoma, arial, helvetica, sans-serif;\"><b>Warum Gewalt?<\/b><\/span><\/p>\n<p><span style=\"font-family: tahoma, arial, helvetica, sans-serif;\"><b><span class=\"Apple-converted-space\">\u00a0 <\/span><\/b><b><span class=\"Apple-converted-space\">\u00a0 \u00a0<\/span><\/b><\/span><\/p>\n<p><span style=\"font-family: tahoma, arial, helvetica, sans-serif;\"><span class=\"Apple-converted-space\">\u00a0<\/span>Am Ende jedes Abschnitts finden Fragen und Antworten statt<\/span><\/p>\n<p><span style=\"font-family: tahoma, arial, helvetica, sans-serif;\">die \u00f6ffentliche Diskussion<\/span><\/p>\n<p><span style=\"font-family: tahoma, arial, helvetica, sans-serif;\"><b>B\u00fcrgerrechte<\/b><\/span><\/p>\n<p><span style=\"font-family: tahoma, arial, helvetica, sans-serif;\"><b>Zeit: Sontag, <\/b><b>16.Jan.2020<\/b><b>, um 17:00 Uhr MEZ<\/b><\/span><\/p>\n<p><span style=\"font-family: tahoma, arial, helvetica, sans-serif;\"><b>Veranstaltungsort: Paltalk Civic, Workplace <\/b>d<b>es <\/b>Verteidigungsausschuss der Anh\u00e4nger der Religion-Rechte<\/span><\/p>\n<p><span style=\"font-family: tahoma, arial, helvetica, sans-serif;\">Paltalk ; View all<\/span><\/p>\n<p><span style=\"font-family: tahoma, arial, helvetica, sans-serif;\">Social, Issues and Politics<\/span><\/p>\n<p><span style=\"font-family: tahoma, arial, helvetica, sans-serif;\">Human Rights<\/span><\/p>\n<p><span style=\"font-family: tahoma, arial, helvetica, sans-serif;\"><span class=\"Apple-converted-space\">\u00a0<\/span>Kanoon Defa az Hoghogh Bashar dar Iran, Komitteh Adian<\/span><\/p>\n<p><span style=\"font-family: tahoma, arial, helvetica, sans-serif;\"><b>Unsere Kollegen und Aktivisten, die uns bei diesem Treffen helfen:<\/b><\/span><\/p>\n<p><span style=\"font-family: tahoma, arial, helvetica, sans-serif;\">Verantwortlich f\u00fcr die Sitzung<b>:Reza Abassi zaman abadi<\/b><\/span><\/p>\n<p><span style=\"font-family: tahoma, arial, helvetica, sans-serif;\">Sekret\u00e4r der Sitzung<b>:Hamed Parnoosh<\/b><\/span><\/p>\n<p><span style=\"font-family: tahoma, arial, helvetica, sans-serif;\">Soundtrack<b>: Mohammad Aftabi, Hashem Rezae<\/b><\/span><\/p>\n<p><span style=\"font-family: tahoma, arial, helvetica, sans-serif;\">Admins<b>: Rasoul Abasi Zamanabadi,Hashem Rezaee,Hadi Dartomi,Hamidreza Taghipour Dehghan Parvizi<\/b><\/span><\/p>\n<p><span style=\"font-family: tahoma, arial, helvetica, sans-serif;\"><b>\u00a0<\/b><\/span><\/p>\n<p><span style=\"font-family: tahoma, arial, helvetica, sans-serif;\"><b>die Vereinigung zur Verteidigung der Menschenrechte im Iran<\/b><\/span><\/p>\n<p><span style=\"font-family: tahoma, arial, helvetica, sans-serif;\"><b>Ausschuss f\u00fcr Gefolgschaft der Religion<\/b><\/span><\/p>\n","protected":false},"excerpt":{"rendered":"<p>Verteidigungsausschuss der Anh\u00e4nger der Religion-Rechte zusammentragt\u00a0 Vortrag, Fragen und Antworten, Diskussionen und Unterhalten Referenten und Vortr\u00e4ge:<\/p><p><a class=\"more-link btn\" href=\"https:\/\/deutsch.bashariyat.org\/?p=2679\">Weiterlesen<\/a><\/p>\n","protected":false},"author":2,"featured_media":0,"comment_status":"closed","ping_status":"closed","sticky":false,"template":"","format":"standard","meta":{"footnotes":""},"categories":[10],"tags":[],"class_list":["post-2679","post","type-post","status-publish","format-standard","hentry","category-rueckruf","item-wrap"],"_links":{"self":[{"href":"https:\/\/deutsch.bashariyat.org\/index.php?rest_route=\/wp\/v2\/posts\/2679","targetHints":{"allow":["GET"]}}],"collection":[{"href":"https:\/\/deutsch.bashariyat.org\/index.php?rest_route=\/wp\/v2\/posts"}],"about":[{"href":"https:\/\/deutsch.bashariyat.org\/index.php?rest_route=\/wp\/v2\/types\/post"}],"author":[{"embeddable":true,"href":"https:\/\/deutsch.bashariyat.org\/index.php?rest_route=\/wp\/v2\/users\/2"}],"replies":[{"embeddable":true,"href":"https:\/\/deutsch.bashariyat.org\/index.php?rest_route=%2Fwp%2Fv2%2Fcomments&post=2679"}],"version-history":[{"count":1,"href":"https:\/\/deutsch.bashariyat.org\/index.php?rest_route=\/wp\/v2\/posts\/2679\/revisions"}],"predecessor-version":[{"id":2680,"href":"https:\/\/deutsch.bashariyat.org\/index.php?rest_route=\/wp\/v2\/posts\/2679\/revisions\/2680"}],"wp:attachment":[{"href":"https:\/\/deutsch.bashariyat.org\/index.php?rest_route=%2Fwp%2Fv2%2Fmedia&parent=2679"}],"wp:term":[{"taxonomy":"category","embeddable":true,"href":"https:\/\/deutsch.bashariyat.org\/index.php?rest_route=%2Fwp%2Fv2%2Fcategories&post=2679"},{"taxonomy":"post_tag","embeddable":true,"href":"https:\/\/deutsch.bashariyat.org\/index.php?rest_route=%2Fwp%2Fv2%2Ftags&post=2679"}],"curies":[{"name":"wp","href":"https:\/\/api.w.org\/{rel}","templated":true}]}}