{"id":2737,"date":"2020-01-20T17:19:57","date_gmt":"2020-01-20T15:19:57","guid":{"rendered":"http:\/\/deutsch.bashariyat.org\/?p=2737"},"modified":"2020-01-20T17:19:57","modified_gmt":"2020-01-20T15:19:57","slug":"einladung-zur-sitzung-repraesentation-von-bremen-am-18-jan-2020","status":"publish","type":"post","link":"https:\/\/deutsch.bashariyat.org\/?p=2737","title":{"rendered":"Einladung zur Sitzung Repr\u00e4sentation von Bremen am 18.Jan.2020"},"content":{"rendered":"<p style=\"text-align: center;\"><span style=\"font-family: tahoma, arial, helvetica, sans-serif;\"><strong>Einladung zur Sitzung Repr\u00e4sentation von Bremen am 18.Jan.2020<\/strong><\/span><\/p>\n<p style=\"text-align: center;\"><span style=\"font-family: tahoma, arial, helvetica, sans-serif;\">Repr\u00e4sentation von Bremen zusammentragt<\/span><\/p>\n<p style=\"text-align: center;\"><span style=\"font-family: tahoma, arial, helvetica, sans-serif; color: #ff0000;\">Vortrag , Fragen und Antworten , Diskussionen und Unterhalten<\/span><\/p>\n<p><span style=\"font-family: tahoma, arial, helvetica, sans-serif;\"><strong>Referenten und Vortr\u00e4ge :<\/strong><\/span><\/p>\n<p><!--more--><\/p>\n<p><span style=\"font-family: tahoma, arial, helvetica, sans-serif;\">Atefeh Khajeh Nasiri Yazdy<\/span><\/p>\n<p><span style=\"font-family: tahoma, arial, helvetica, sans-serif;\"><strong>Bericht und Analyse Menchenrechtsverletzung im Dezember 2019 <\/strong><\/span><\/p>\n<p><span style=\"font-family: tahoma, arial, helvetica, sans-serif;\">Hamed Parnoosh<\/span><\/p>\n<p><span style=\"font-family: tahoma, arial, helvetica, sans-serif;\"><strong>Untersuchung von Artikel 18 der Menschenrechtserkl\u00e4rung und Vergleichen es mit verfassung der Islamichen Republik Iran <\/strong><\/span><\/p>\n<p><span style=\"font-family: tahoma, arial, helvetica, sans-serif;\">\u00a0Ahmadrza Irannezhad Koloulia :<\/span><\/p>\n<p><span style=\"font-family: tahoma, arial, helvetica, sans-serif;\"><strong>Ein Cover im Namen des Islam <\/strong><\/span><\/p>\n<p><span style=\"font-family: tahoma, arial, helvetica, sans-serif;\">Reza chehrazi :<\/span><\/p>\n<p><span style=\"font-family: tahoma, arial, helvetica, sans-serif;\"><strong>Das Recht und seine untershiedlichkeit zum Aktuelle Diskussion im Iran <\/strong><\/span><\/p>\n<p>&nbsp;<\/p>\n<p><span style=\"font-family: tahoma, arial, helvetica, sans-serif;\">Ihre Kommentare und Fragen im jeden Abschnitt , es bringt uns zu unseren Gemeinsamen zielen.<\/span><\/p>\n<p><span style=\"font-family: tahoma, arial, helvetica, sans-serif;\"><strong>Freie Rade :<\/strong><\/span><\/p>\n<p><span style=\"font-family: tahoma, arial, helvetica, sans-serif;\">Recht zu w\u00e4hlen<\/span><\/p>\n<p>&nbsp;<\/p>\n<p><span style=\"font-family: tahoma, arial, helvetica, sans-serif;\">Zeit: Samstag 18 , jan , 2020 um 17 uhr MEZ<\/span><\/p>\n<p><span style=\"font-family: tahoma, arial, helvetica, sans-serif;\">Veranstaltungsort : Paltalk Civic , Workplace von Repr\u00e4sentation von Bremen<\/span><\/p>\n<p><span style=\"font-family: tahoma, arial, helvetica, sans-serif;\">Paltalk ; view all<\/span><\/p>\n<p><span style=\"font-family: tahoma, arial, helvetica, sans-serif;\">Social , issues and politics<\/span><\/p>\n<p><span style=\"font-family: tahoma, arial, helvetica, sans-serif;\">Human Rights<\/span><\/p>\n<p><span style=\"font-family: tahoma, arial, helvetica, sans-serif;\">Kanoone defa az Hoghoogh Bashar dar Iran Namayandegi Bremen<\/span><\/p>\n<p><span style=\"font-family: tahoma, arial, helvetica, sans-serif;\">Verantwortlich f\u00fcr die Sitzung: <strong>Hamed Parnoosh<\/strong>\u00a0<\/span><\/p>\n<p><span style=\"font-family: tahoma, arial, helvetica, sans-serif;\">Sekret\u00e4r der Sitzung : <strong>Ahmadreza Irannezhad Koloulia<\/strong>\u00a0<\/span><\/p>\n<p><span style=\"font-family: tahoma, arial, helvetica, sans-serif;\">Tonaufnahme : <strong>Mohsen Azizi Ashtarkan<\/strong><\/span><\/p>\n<p><span style=\"font-family: tahoma, arial, helvetica, sans-serif;\">Admin : <strong>Ahmadreza Irannezhad Koloulia<\/strong><\/span><\/p>\n<p><span style=\"font-family: tahoma, arial, helvetica, sans-serif;\">Vereinigung zur Verteidigung der Menschenrechte im Iran , repr\u00e4sentation von Bremen &#8211;<\/span><\/p>\n","protected":false},"excerpt":{"rendered":"<p>Einladung zur Sitzung Repr\u00e4sentation von Bremen am 18.Jan.2020 Repr\u00e4sentation von Bremen zusammentragt Vortrag , Fragen und Antworten , Diskussionen und Unterhalten Referenten und Vortr\u00e4ge :<\/p><p><a class=\"more-link btn\" href=\"https:\/\/deutsch.bashariyat.org\/?p=2737\">Weiterlesen<\/a><\/p>\n","protected":false},"author":2,"featured_media":0,"comment_status":"closed","ping_status":"closed","sticky":false,"template":"","format":"standard","meta":{"footnotes":""},"categories":[10],"tags":[],"class_list":["post-2737","post","type-post","status-publish","format-standard","hentry","category-rueckruf","item-wrap"],"_links":{"self":[{"href":"https:\/\/deutsch.bashariyat.org\/index.php?rest_route=\/wp\/v2\/posts\/2737","targetHints":{"allow":["GET"]}}],"collection":[{"href":"https:\/\/deutsch.bashariyat.org\/index.php?rest_route=\/wp\/v2\/posts"}],"about":[{"href":"https:\/\/deutsch.bashariyat.org\/index.php?rest_route=\/wp\/v2\/types\/post"}],"author":[{"embeddable":true,"href":"https:\/\/deutsch.bashariyat.org\/index.php?rest_route=\/wp\/v2\/users\/2"}],"replies":[{"embeddable":true,"href":"https:\/\/deutsch.bashariyat.org\/index.php?rest_route=%2Fwp%2Fv2%2Fcomments&post=2737"}],"version-history":[{"count":1,"href":"https:\/\/deutsch.bashariyat.org\/index.php?rest_route=\/wp\/v2\/posts\/2737\/revisions"}],"predecessor-version":[{"id":2738,"href":"https:\/\/deutsch.bashariyat.org\/index.php?rest_route=\/wp\/v2\/posts\/2737\/revisions\/2738"}],"wp:attachment":[{"href":"https:\/\/deutsch.bashariyat.org\/index.php?rest_route=%2Fwp%2Fv2%2Fmedia&parent=2737"}],"wp:term":[{"taxonomy":"category","embeddable":true,"href":"https:\/\/deutsch.bashariyat.org\/index.php?rest_route=%2Fwp%2Fv2%2Fcategories&post=2737"},{"taxonomy":"post_tag","embeddable":true,"href":"https:\/\/deutsch.bashariyat.org\/index.php?rest_route=%2Fwp%2Fv2%2Ftags&post=2737"}],"curies":[{"name":"wp","href":"https:\/\/api.w.org\/{rel}","templated":true}]}}