{"id":2775,"date":"2020-02-03T20:00:36","date_gmt":"2020-02-03T18:00:36","guid":{"rendered":"http:\/\/deutsch.bashariyat.org\/?p=2775"},"modified":"2020-02-03T20:00:36","modified_gmt":"2020-02-03T18:00:36","slug":"einladung-zur-sitzung-repraesentation-von-nordrhein-westfalen-am-20-feb-2020","status":"publish","type":"post","link":"https:\/\/deutsch.bashariyat.org\/?p=2775","title":{"rendered":"Einladung zur Sitzung Repr\u00e4sentation von Nordrhein-Westfalen am 20.Feb.2020"},"content":{"rendered":"<p style=\"text-align: center;\"><span style=\"font-family: tahoma, arial, helvetica, sans-serif;\">Repr\u00e4sentation von Nordrhein-Westfalen zusammentragt\u00a0<\/span><\/p>\n<p style=\"text-align: center;\"><span style=\"font-family: tahoma, arial, helvetica, sans-serif;\">Vortrag, Fragen und Antworten, Diskussionen und Unterhalten<\/span><\/p>\n<p><span style=\"font-family: tahoma, arial, helvetica, sans-serif;\"><strong>Referenten und Vortr\u00e4ge:<\/strong><!--more--><\/span><\/p>\n<p><span style=\"font-family: tahoma, arial, helvetica, sans-serif;\">Ilar Esmaeeli:\u00a0<\/span><\/p>\n<p><span style=\"font-family: tahoma, arial, helvetica, sans-serif;\"><strong>Bericht der Menschenrechtsverletzungen im Iran f\u00fcr Monat Februar<\/strong><\/span><\/p>\n<p><span style=\"font-family: tahoma, arial, helvetica, sans-serif;\">Taraneh Zolaghar:<\/span><\/p>\n<p><span style=\"font-family: tahoma, arial, helvetica, sans-serif;\"><strong>\u00dcberpr\u00fcfung derArtikel 19 der Allgemeinen Erkl\u00e4rung der Menschenrechte und vergleichen es mit der Verfassung der Islamischen Republik Iran <\/strong><\/span><\/p>\n<p><span style=\"font-family: tahoma, arial, helvetica, sans-serif;\">Afshin Shahinzadeh:<\/span><\/p>\n<p><span style=\"font-family: tahoma, arial, helvetica, sans-serif;\"><strong>Welttag der sozialen Gerechtigkeit<\/strong><\/span><\/p>\n<p><span style=\"font-family: tahoma, arial, helvetica, sans-serif;\"><strong><br \/>\n<\/strong>Fariba Moradipour:<\/span><\/p>\n<p><span style=\"font-family: tahoma, arial, helvetica, sans-serif;\"><strong>Das Recht auf Gesundheit<\/p>\n<p><\/strong><\/span><br \/>\n<span style=\"font-family: tahoma, arial, helvetica, sans-serif;\">Niloufar Jalili:<\/span><\/p>\n<p><span style=\"font-family: tahoma, arial, helvetica, sans-serif;\"><strong>Warum ist der Bericht Nr. 1207\u00a0 Ausgefertigt worden?<br \/>\n<\/strong><\/span><\/p>\n<p><span style=\"font-family: tahoma, arial, helvetica, sans-serif;\"><strong>\u00a0\u00a0 <\/strong>\u00a0 \u00a0Am Ende jedes Abschnitts finden Fragen und Antworten statt<\/span><\/p>\n<p><span style=\"font-family: tahoma, arial, helvetica, sans-serif;\">die \u00f6ffentliche Diskussion<\/span><\/p>\n<p><span style=\"font-family: tahoma, arial, helvetica, sans-serif;\">Staatsb\u00fcrgerschaft<\/span><\/p>\n<p><span style=\"font-family: tahoma, arial, helvetica, sans-serif;\">Zeit: Freitag, 20.Feb.2020 um 19:00 Uhr MEZ<\/span><\/p>\n<p><span style=\"font-family: tahoma, arial, helvetica, sans-serif;\">Veranstaltungsort: Paltalk Civic, Workplace von Repr\u00e4sentation von Nordrhein-Westfalen<\/span><\/p>\n<p><span style=\"font-family: tahoma, arial, helvetica, sans-serif;\">Paltalk ; View all<\/span><\/p>\n<p><span style=\"font-family: tahoma, arial, helvetica, sans-serif;\">Social, Issues and Politics<\/span><\/p>\n<p><span style=\"font-family: tahoma, arial, helvetica, sans-serif;\">Human Rights<\/span><\/p>\n<p><span style=\"font-family: tahoma, arial, helvetica, sans-serif;\">Kanoon Defa az Hoghogh Bashar dar Iran namayandegi koln<\/span><\/p>\n<p><span style=\"font-family: tahoma, arial, helvetica, sans-serif;\">Verantwortlich f\u00fcr die Sitzung:<strong> Sam Jabari Kermani<\/strong><\/span><\/p>\n<p><span style=\"font-family: tahoma, arial, helvetica, sans-serif;\">Sekret\u00e4r der Sitzung:<strong> Sam Jabari Kermani<\/strong><\/span><\/p>\n<p><span style=\"font-family: tahoma, arial, helvetica, sans-serif;\">Tonaufnahme:<strong> Elahe Gravand Alizadeh<\/strong><\/span><\/p>\n<p><span style=\"font-family: tahoma, arial, helvetica, sans-serif;\">Admins<strong>: Fariba Moradipour, Samaneh Mohebi, Sam Jabari Kermani<\/strong><\/span><\/p>\n<p>&nbsp;<\/p>\n<p><span style=\"font-family: tahoma, arial, helvetica, sans-serif;\"><strong>Vereinigung zur Verteidigung der Menschenrechte im Iran<\/strong><\/span><\/p>\n<p><span style=\"font-family: tahoma, arial, helvetica, sans-serif;\"><strong>Repr\u00e4sentation von Nordrhein-Westfalen<\/strong><\/span><\/p>\n<p>&nbsp;<\/p>\n","protected":false},"excerpt":{"rendered":"<p>Repr\u00e4sentation von Nordrhein-Westfalen zusammentragt\u00a0 Vortrag, Fragen und Antworten, Diskussionen und Unterhalten Referenten und Vortr\u00e4ge:<\/p><p><a class=\"more-link btn\" href=\"https:\/\/deutsch.bashariyat.org\/?p=2775\">Weiterlesen<\/a><\/p>\n","protected":false},"author":2,"featured_media":0,"comment_status":"closed","ping_status":"closed","sticky":false,"template":"","format":"standard","meta":{"footnotes":""},"categories":[10],"tags":[20],"class_list":["post-2775","post","type-post","status-publish","format-standard","hentry","category-rueckruf","tag-hashem-rezaee","item-wrap"],"_links":{"self":[{"href":"https:\/\/deutsch.bashariyat.org\/index.php?rest_route=\/wp\/v2\/posts\/2775","targetHints":{"allow":["GET"]}}],"collection":[{"href":"https:\/\/deutsch.bashariyat.org\/index.php?rest_route=\/wp\/v2\/posts"}],"about":[{"href":"https:\/\/deutsch.bashariyat.org\/index.php?rest_route=\/wp\/v2\/types\/post"}],"author":[{"embeddable":true,"href":"https:\/\/deutsch.bashariyat.org\/index.php?rest_route=\/wp\/v2\/users\/2"}],"replies":[{"embeddable":true,"href":"https:\/\/deutsch.bashariyat.org\/index.php?rest_route=%2Fwp%2Fv2%2Fcomments&post=2775"}],"version-history":[{"count":1,"href":"https:\/\/deutsch.bashariyat.org\/index.php?rest_route=\/wp\/v2\/posts\/2775\/revisions"}],"predecessor-version":[{"id":2776,"href":"https:\/\/deutsch.bashariyat.org\/index.php?rest_route=\/wp\/v2\/posts\/2775\/revisions\/2776"}],"wp:attachment":[{"href":"https:\/\/deutsch.bashariyat.org\/index.php?rest_route=%2Fwp%2Fv2%2Fmedia&parent=2775"}],"wp:term":[{"taxonomy":"category","embeddable":true,"href":"https:\/\/deutsch.bashariyat.org\/index.php?rest_route=%2Fwp%2Fv2%2Fcategories&post=2775"},{"taxonomy":"post_tag","embeddable":true,"href":"https:\/\/deutsch.bashariyat.org\/index.php?rest_route=%2Fwp%2Fv2%2Ftags&post=2775"}],"curies":[{"name":"wp","href":"https:\/\/api.w.org\/{rel}","templated":true}]}}