{"id":2811,"date":"2020-02-21T14:00:13","date_gmt":"2020-02-21T12:00:13","guid":{"rendered":"http:\/\/deutsch.bashariyat.org\/?p=2811"},"modified":"2020-02-22T15:11:40","modified_gmt":"2020-02-22T13:11:40","slug":"audio-sitzungsbericht-von-iranischen-ethnie-und-nationen-verteidigungsausschuss-08-02-2020","status":"publish","type":"post","link":"https:\/\/deutsch.bashariyat.org\/?p=2811","title":{"rendered":"Audio-Sitzungsbericht von Iranischen Ethnie und Nationen Verteidigungsausschuss 08.02.2020"},"content":{"rendered":"<p><span style=\"font-family: tahoma, arial, helvetica, sans-serif;\">Die Sitzung aus Iranischen Ethnie und Nationenausschuss\u00a0fand am Samstag, den 08.Feb.2020 um 15:00Uhr MEZ mit der Delegation und eine Gruppe von Menschenrechtsaktivisten und andere G\u00e4ste auf dem Cyberspace Paltalk statt. Die Enthusiasten k\u00f6nnen das obige Treffen aus den aufgezeichneten Dateien unter der Anh\u00f6rung h\u00f6ren:<\/span><\/p>\n<div id=\"attachment_2813\" style=\"width: 750px\" class=\"wp-caption alignnone\"><a href=\"http:\/\/deutsch.bashariyat.org\/wp-content\/uploads\/2020\/02\/photo_2020-02-19_10-50-53-1.jpg\"><img loading=\"lazy\" decoding=\"async\" aria-describedby=\"caption-attachment-2813\" class=\"size-large wp-image-2813\" src=\"http:\/\/deutsch.bashariyat.org\/wp-content\/uploads\/2020\/02\/photo_2020-02-19_10-50-53-1-1024x240.jpg\" alt=\"\" width=\"750\" height=\"176\" data-id=\"2813\" srcset=\"https:\/\/deutsch.bashariyat.org\/wp-content\/uploads\/2020\/02\/photo_2020-02-19_10-50-53-1-1024x240.jpg 1024w, https:\/\/deutsch.bashariyat.org\/wp-content\/uploads\/2020\/02\/photo_2020-02-19_10-50-53-1-300x70.jpg 300w, https:\/\/deutsch.bashariyat.org\/wp-content\/uploads\/2020\/02\/photo_2020-02-19_10-50-53-1-768x180.jpg 768w, https:\/\/deutsch.bashariyat.org\/wp-content\/uploads\/2020\/02\/photo_2020-02-19_10-50-53-1.jpg 1274w\" sizes=\"auto, (max-width: 750px) 100vw, 750px\" \/><\/a><p id=\"caption-attachment-2813\" class=\"wp-caption-text\">Audio-Sitzungsbericht von Iranischen Ethnie und Nationen Verteidigungsausschuss 08.02.2020<\/p><\/div>\n<p><!--more--><\/p>\n<p><span style=\"font-family: tahoma, arial, helvetica, sans-serif;\"><a href=\"http:\/\/azadegy.de\/jalasehaghvam8feb2020\/amirabtahi.mp3\">Amir Abtahi:Bericht der Menschenrechtsverletzungen im Iran f\u00fcr Monat Januar<\/a><\/span><\/p>\n<p><span style=\"font-family: tahoma, arial, helvetica, sans-serif;\"><a href=\"http:\/\/azadegy.de\/jalasehaghvam8feb2020\/nasernovruzi.mp3\">Naser Norozi Barkosarae:Umsetzung der universellen und islamischen Charta der Menschenrechte<\/a><\/span><\/p>\n<p><span style=\"font-family: tahoma, arial, helvetica, sans-serif;\"><a href=\"http:\/\/azadegy.de\/jalasehaghvam8feb2020\/rahmannabavinezhad.mp3\">Rahman Nabavinejad:Wahlen von rechts bis zum Schwindel<\/a><\/span><\/p>\n<p><span style=\"font-family: tahoma, arial, helvetica, sans-serif;\"><a href=\"http:\/\/azadegy.de\/jalasehaghvam8feb2020\/hashemrezaee.mp3\">Hashem(Arash) Rezaee:Bildungsstatus von Kindern in benachteiligten Gebieten<\/a><\/span><\/p>\n<p><span style=\"font-family: tahoma, arial, helvetica, sans-serif;\"><a href=\"http:\/\/azadegy.de\/jalasehaghvam8feb2020\/bahseazad.mp3\">Belutschistan, vergessenes Gebiet<\/a><\/span><\/p>\n","protected":false},"excerpt":{"rendered":"<p>Die Sitzung aus Iranischen Ethnie und Nationenausschuss\u00a0fand am Samstag, den 08.Feb.2020 um 15:00Uhr MEZ mit der Delegation und eine Gruppe von Menschenrechtsaktivisten und andere G\u00e4ste auf dem Cyberspace Paltalk statt. Die Enthusiasten k\u00f6nnen das obige Treffen aus den aufgezeichneten Dateien unter der Anh\u00f6rung h\u00f6ren:<\/p><p><a class=\"more-link btn\" href=\"https:\/\/deutsch.bashariyat.org\/?p=2811\">Weiterlesen<\/a><\/p>\n","protected":false},"author":2,"featured_media":0,"comment_status":"closed","ping_status":"closed","sticky":false,"template":"","format":"standard","meta":{"footnotes":""},"categories":[11],"tags":[],"class_list":["post-2811","post","type-post","status-publish","format-standard","hentry","category-sitzungsberichte","item-wrap"],"_links":{"self":[{"href":"https:\/\/deutsch.bashariyat.org\/index.php?rest_route=\/wp\/v2\/posts\/2811","targetHints":{"allow":["GET"]}}],"collection":[{"href":"https:\/\/deutsch.bashariyat.org\/index.php?rest_route=\/wp\/v2\/posts"}],"about":[{"href":"https:\/\/deutsch.bashariyat.org\/index.php?rest_route=\/wp\/v2\/types\/post"}],"author":[{"embeddable":true,"href":"https:\/\/deutsch.bashariyat.org\/index.php?rest_route=\/wp\/v2\/users\/2"}],"replies":[{"embeddable":true,"href":"https:\/\/deutsch.bashariyat.org\/index.php?rest_route=%2Fwp%2Fv2%2Fcomments&post=2811"}],"version-history":[{"count":1,"href":"https:\/\/deutsch.bashariyat.org\/index.php?rest_route=\/wp\/v2\/posts\/2811\/revisions"}],"predecessor-version":[{"id":2814,"href":"https:\/\/deutsch.bashariyat.org\/index.php?rest_route=\/wp\/v2\/posts\/2811\/revisions\/2814"}],"wp:attachment":[{"href":"https:\/\/deutsch.bashariyat.org\/index.php?rest_route=%2Fwp%2Fv2%2Fmedia&parent=2811"}],"wp:term":[{"taxonomy":"category","embeddable":true,"href":"https:\/\/deutsch.bashariyat.org\/index.php?rest_route=%2Fwp%2Fv2%2Fcategories&post=2811"},{"taxonomy":"post_tag","embeddable":true,"href":"https:\/\/deutsch.bashariyat.org\/index.php?rest_route=%2Fwp%2Fv2%2Ftags&post=2811"}],"curies":[{"name":"wp","href":"https:\/\/api.w.org\/{rel}","templated":true}]}}