{"id":2815,"date":"2020-02-22T15:15:02","date_gmt":"2020-02-22T13:15:02","guid":{"rendered":"http:\/\/deutsch.bashariyat.org\/?p=2815"},"modified":"2020-02-22T15:15:02","modified_gmt":"2020-02-22T13:15:02","slug":"einladung-zur-sitzung-des-verteidigungsausschuss-der-kunst-und-kuenstler-rechte-im-iran-mit-repraesentation-der-tuerkei-am-27-feb-2020","status":"publish","type":"post","link":"https:\/\/deutsch.bashariyat.org\/?p=2815","title":{"rendered":"Einladung zur Sitzung des Verteidigungsausschuss der Kunst und K\u00fcnstler-Rechte im Iran mit Repr\u00e4sentation der T\u00fcrkei am 27.Feb.2020"},"content":{"rendered":"<p style=\"text-align: center;\"><span style=\"font-family: tahoma, arial, helvetica, sans-serif;\">Verteidigungsausschuss der Kunst und K\u00fcnstler-Rechte\/Repr\u00e4sentation der T\u00fcrkei zusammentragt<span class=\"Apple-converted-space\">\u00a0<\/span><\/span><\/p>\n<p style=\"text-align: center;\"><span style=\"font-family: tahoma, arial, helvetica, sans-serif; color: #ff0000;\">Vortrag, Fragen und Antworten, Diskussionen und Unterhalten<\/span><\/p>\n<p><span style=\"font-family: tahoma, arial, helvetica, sans-serif;\"><b>Referenten und Vortr\u00e4ge:<\/b><\/span><!--more--><\/p>\n<p><span style=\"font-family: tahoma, arial, helvetica, sans-serif;\">Shabnam Fathi:<span class=\"Apple-converted-space\">\u00a0<\/span><\/span><\/p>\n<p><span style=\"font-family: tahoma, arial, helvetica, sans-serif;\"><b>Bericht der Kunstrechtsverletzungen im Iran f\u00fcr Monat Januar<span class=\"Apple-converted-space\">\u00a0<\/span><\/b><\/span><\/p>\n<p><span style=\"font-family: tahoma, arial, helvetica, sans-serif;\">Mohammad Farshidian:<\/span><\/p>\n<p><span style=\"font-family: tahoma, arial, helvetica, sans-serif;\"><b><span class=\"Apple-converted-space\">\u00a0<\/span>\u00dcberpr\u00fcfung der<\/b> <b>Artikel 3 der Allgemeinen Erkl\u00e4rung der Menschenrechte<\/b> <b>Und vergleichen Sie es mit der Verfassung der Islamischen Republik Iran<\/b><\/span><\/p>\n<p><span style=\"font-family: tahoma, arial, helvetica, sans-serif;\">Ebrahim Fadakar:<\/span><\/p>\n<p><span style=\"font-family: tahoma, arial, helvetica, sans-serif;\"><b>Warum fliehen Sportlern aus dem Iran<\/b><\/span><\/p>\n<p><span style=\"font-family: tahoma, arial, helvetica, sans-serif;\">Melika Ahmadi sabzevari:<\/span><\/p>\n<p><span style=\"font-family: tahoma, arial, helvetica, sans-serif;\"><b>Die Kunst der Fotografie im Iran<\/b><\/span><\/p>\n<p><span style=\"font-family: tahoma, arial, helvetica, sans-serif;\">Sogi Hassanzadeh:<\/span><\/p>\n<p><span style=\"font-family: tahoma, arial, helvetica, sans-serif;\"><b>Jubil\u00e4um 57<\/b><\/span><\/p>\n<p><span style=\"font-family: tahoma, arial, helvetica, sans-serif;\">Am Ende jedes Abschnitts finden Fragen und Antworten statt<\/span><\/p>\n<p><span style=\"font-family: tahoma, arial, helvetica, sans-serif;\">die \u00f6ffentliche Diskussion( Herr Jahangir Golzar)<\/span><\/p>\n<p><span style=\"font-family: tahoma, arial, helvetica, sans-serif;\"><b>Welttag der sozialen Gerechtigkeit<\/b><\/span><\/p>\n<p><span style=\"font-family: tahoma, arial, helvetica, sans-serif;\"><b>Zeit: Donnerstag, 27.Feb.2020, um 19:30 Uhr MEZ<\/b><\/span><\/p>\n<p><span style=\"font-family: tahoma, arial, helvetica, sans-serif;\"><b>Veranstaltungsort:<\/b> Paltalk Civic, Workplace<b> <\/b>von Verteidigungsausschuss der Kunst und K\u00fcnstler-Rechte<\/span><\/p>\n<p><span style=\"font-family: tahoma, arial, helvetica, sans-serif;\">Paltalk ; View all<\/span><\/p>\n<p><span style=\"font-family: tahoma, arial, helvetica, sans-serif;\">Social, Issues and Politics<\/span><\/p>\n<p><span style=\"font-family: tahoma, arial, helvetica, sans-serif;\">Human Rights<\/span><\/p>\n<p><span style=\"font-family: tahoma, arial, helvetica, sans-serif;\">kanoon defa az hoghogh bashar dar iran\u00a0komite honar<\/span><\/p>\n<p><span style=\"font-family: tahoma, arial, helvetica, sans-serif;\"><b>Unsere Kollegen und Aktivisten, die uns bei diesem Treffen helfen:<\/b><\/span><\/p>\n<p><span style=\"font-family: tahoma, arial, helvetica, sans-serif;\">Verantwortlich f\u00fcr die Sitzung<b>: Seyed Ismaeel Hashemin<\/b><\/span><\/p>\n<p><span style=\"font-family: tahoma, arial, helvetica, sans-serif;\">Sekret\u00e4r der Sitzung<b>:Marziye Bordbar<\/b><\/span><\/p>\n<p><span style=\"font-family: tahoma, arial, helvetica, sans-serif;\">Soundtrack<b>: Amen Jahanbozorgi,Rosa Jahanbin,Ebrahim Fadakar<\/b><\/span><\/p>\n<p><span style=\"font-family: tahoma, arial, helvetica, sans-serif;\">Admins<b>:Mehdi Golsafidi, Seyed Ismaeel Hashemi,Irandokht Kia, Alireza Jahanbin,Lida Asadifar<\/b><\/span><\/p>\n<p><span style=\"font-family: tahoma, arial, helvetica, sans-serif;\"><b>Vereinigung zur Verteidigung der Menschenrechte im Iran<\/b><\/span><\/p>\n<p><span style=\"font-family: tahoma, arial, helvetica, sans-serif;\"><b>Verteidigungsausschuss der Kunst und K\u00fcnstler-Rechte<\/b><\/span><\/p>\n","protected":false},"excerpt":{"rendered":"<p>Verteidigungsausschuss der Kunst und K\u00fcnstler-Rechte\/Repr\u00e4sentation der T\u00fcrkei zusammentragt\u00a0 Vortrag, Fragen und Antworten, Diskussionen und Unterhalten Referenten und Vortr\u00e4ge:<\/p><p><a class=\"more-link btn\" href=\"https:\/\/deutsch.bashariyat.org\/?p=2815\">Weiterlesen<\/a><\/p>\n","protected":false},"author":2,"featured_media":0,"comment_status":"closed","ping_status":"closed","sticky":false,"template":"","format":"standard","meta":{"footnotes":""},"categories":[10],"tags":[],"class_list":["post-2815","post","type-post","status-publish","format-standard","hentry","category-rueckruf","item-wrap"],"_links":{"self":[{"href":"https:\/\/deutsch.bashariyat.org\/index.php?rest_route=\/wp\/v2\/posts\/2815","targetHints":{"allow":["GET"]}}],"collection":[{"href":"https:\/\/deutsch.bashariyat.org\/index.php?rest_route=\/wp\/v2\/posts"}],"about":[{"href":"https:\/\/deutsch.bashariyat.org\/index.php?rest_route=\/wp\/v2\/types\/post"}],"author":[{"embeddable":true,"href":"https:\/\/deutsch.bashariyat.org\/index.php?rest_route=\/wp\/v2\/users\/2"}],"replies":[{"embeddable":true,"href":"https:\/\/deutsch.bashariyat.org\/index.php?rest_route=%2Fwp%2Fv2%2Fcomments&post=2815"}],"version-history":[{"count":1,"href":"https:\/\/deutsch.bashariyat.org\/index.php?rest_route=\/wp\/v2\/posts\/2815\/revisions"}],"predecessor-version":[{"id":2816,"href":"https:\/\/deutsch.bashariyat.org\/index.php?rest_route=\/wp\/v2\/posts\/2815\/revisions\/2816"}],"wp:attachment":[{"href":"https:\/\/deutsch.bashariyat.org\/index.php?rest_route=%2Fwp%2Fv2%2Fmedia&parent=2815"}],"wp:term":[{"taxonomy":"category","embeddable":true,"href":"https:\/\/deutsch.bashariyat.org\/index.php?rest_route=%2Fwp%2Fv2%2Fcategories&post=2815"},{"taxonomy":"post_tag","embeddable":true,"href":"https:\/\/deutsch.bashariyat.org\/index.php?rest_route=%2Fwp%2Fv2%2Ftags&post=2815"}],"curies":[{"name":"wp","href":"https:\/\/api.w.org\/{rel}","templated":true}]}}