{"id":2821,"date":"2020-02-24T21:28:43","date_gmt":"2020-02-24T19:28:43","guid":{"rendered":"http:\/\/deutsch.bashariyat.org\/?p=2821"},"modified":"2020-02-24T21:28:43","modified_gmt":"2020-02-24T19:28:43","slug":"die-einladung-zur-generalversammlung-der-vereinigung-zur-verteidigung-der-menschenrechte-im-iran-02-feb-2020-2","status":"publish","type":"post","link":"https:\/\/deutsch.bashariyat.org\/?p=2821","title":{"rendered":"Die Einladung zur Generalversammlung der Vereinigung zur Verteidigung der Menschenrechte im Iran 02.Feb. 2020"},"content":{"rendered":"<p><span style=\"font-family: tahoma, arial, helvetica, sans-serif;\">Die Einladung zur Generalversammlung der Vereinigung zur Verteidigung der Menschenrechte im Iran<\/span><\/p>\n<p style=\"text-align: center;\"><span style=\"font-family: tahoma, arial, helvetica, sans-serif;\">\u00a001.M\u00e4rz.2020<\/span><\/p>\n<p style=\"text-align: center;\"><span style=\"font-family: tahoma, arial, helvetica, sans-serif;\">Um 14:00 Uhr<\/span><!--more--><\/p>\n<p><span style=\"font-family: tahoma, arial, helvetica, sans-serif;\">Sehr geehrte Mitglieder und Beamte des Zentrums f\u00fcr die Vereinigung zur Verteidigung der Menschenrechte im Iran<\/span><\/p>\n<p><span style=\"font-family: tahoma, arial, helvetica, sans-serif;\">Die monatlichen Generalversammlung findet am Sonntag, 01,M\u00e4rz. 2019, um 14:00 Uhr MEZ im Paltak Media\u00a0\u00a0im\u00a0\u00a0ranischen Menschenrechtszentrum zur Verteidigung der Menschenrechte statt.<\/span><\/p>\n<p><span style=\"font-family: tahoma, arial, helvetica, sans-serif;\">Plenarsitzungen der Generalversammlung und \u00dcberpr\u00fcfung der administrativen Situation des Amtes:<\/span><\/p>\n<p><span style=\"font-family: tahoma, arial, helvetica, sans-serif;\">1)Begr\u00fc\u00dfung und Berichterstattung \u00fcber die Leistung der PR und des Treffens im letzten Monat durch Frau Irandokht Kia (5 Minuten)<\/span><\/p>\n<p><span style=\"font-family: tahoma, arial, helvetica, sans-serif;\">2)Vertreter der Repr\u00e4sentanz und \u00dcberpr\u00fcfung ihrer Leistung durch die Mitglieder (Jeder 5 Minuten)<\/span><\/p>\n<p><span style=\"font-family: tahoma, arial, helvetica, sans-serif;\">3) Bericht\u00a0\u00a0des Delegierter Repr\u00e4sentanz durch Herr Rasoul AbbasiZamanabadi<\/span><\/p>\n<p><span style=\"font-family: tahoma, arial, helvetica, sans-serif;\">4) Bericht\u00a0\u00a0des Ausschuss und \u00dcberpr\u00fcfung die Leistung von Mitgliedern(Jeder 5 Minuten)<\/span><\/p>\n<p><span style=\"font-family: tahoma, arial, helvetica, sans-serif;\">5) Bericht des Delegierter Ausschuss durch Frau Zarrin Taj Ilyasi (5 Minuten)<\/span><\/p>\n<p><span style=\"font-family: tahoma, arial, helvetica, sans-serif;\">6)Bericht des Ausschusses f\u00fcr Bildung und Forschung durch Frau Lida Ashjae und Frau Niloufar Imanian (jeder 5 Minuten)<\/span><\/p>\n<p><span style=\"font-family: tahoma, arial, helvetica, sans-serif;\">7)Bericht \u00fcber Internetangelegenheiten Und \u00dcberpr\u00fcfung seiner Leistung durch Herrn Rasoul Abbasi Zamanabadi (5 Minuten)<\/span><\/p>\n<p><span style=\"font-family: tahoma, arial, helvetica, sans-serif;\">8)Der Bericht der Internet Bibliothek von der VVMIran Und \u00dcberpr\u00fcfung seiner Leistung durch Herrn Mehdi Golsefidi (5 Minuten)<\/span><\/p>\n<p><span style=\"font-family: tahoma, arial, helvetica, sans-serif;\">9)Bericht der Medienabteilung Und \u00dcberpr\u00fcfung seiner Leistung durch Frau Rosa Jahan Bin (10 Minuten)<\/span><\/p>\n<p><span style=\"font-family: tahoma, arial, helvetica, sans-serif;\">10)Bericht des Internet-Angelegenheiten Und \u00dcberpr\u00fcfung seiner Leistung durch Mitglieder von Herr Rasoul Abassi Zamanabadi(5 Minuten)<\/span><\/p>\n<p><span style=\"font-family: tahoma, arial, helvetica, sans-serif;\">11)Audio- und Videobereich Und \u00dcberpr\u00fcfung seiner Leistung durch Mitglieder von Herrn Mohammad Golestanjou (5 Minuten)<\/span><\/p>\n<p><span style=\"font-family: tahoma, arial, helvetica, sans-serif;\">12)Bericht des Internetradio der VVM im Iran Und \u00dcberpr\u00fcfung seiner Leistung durch Mitglieder von Herrn Saeed Hosseini (10 Minuten)<\/span><\/p>\n<p><span style=\"font-family: tahoma, arial, helvetica, sans-serif;\">13)Bericht der Kommunikation Und \u00dcberpr\u00fcfung seiner Leistung von Frau Masoumeh Tavakoli (5 Minuten)<\/span><\/p>\n<p><span style=\"font-family: tahoma, arial, helvetica, sans-serif;\">14)Bericht der persischen Seite Und \u00dcberpr\u00fcfung seiner Leistung durch die Mitglieder, Herr Naser Norouzi Barcoussai (5 Minuten)<\/span><\/p>\n<p><span style=\"font-family: tahoma, arial, helvetica, sans-serif;\">15)Bericht der englischen Seite Und \u00dcberpr\u00fcfung seiner Leistung durch Mitgliedern von Herrn Alireza Jahanbeh (5 Minuten)<\/span><\/p>\n<p><span style=\"font-family: tahoma, arial, helvetica, sans-serif;\">16)Bericht der Deutsche Seite Und \u00dcberpr\u00fcfung seiner Leistung durch Mitgliedern von Frau Niloufar Imanian<\/span><\/p>\n<p><span style=\"font-family: tahoma, arial, helvetica, sans-serif;\">17)Monatlicher Redaktionsbericht Und \u00dcberpr\u00fcfung seiner Leistung durch Mitgliedern von Frau Shabnam Rezavand<\/span><\/p>\n<p><span style=\"font-family: tahoma, arial, helvetica, sans-serif;\">18)Finanzbericht Und \u00dcberpr\u00fcfung seiner Leistung durch Mitgliedern von Herrn Alireza Hojati<\/span><\/p>\n<p><span style=\"font-family: tahoma, arial, helvetica, sans-serif;\">19)Der Bericht des Vorstand Und \u00fcberpr\u00fcfen seine Leistung durch Herrn Amir Nilo (10 Minuten)<\/span><\/p>\n<p><span style=\"font-family: tahoma, arial, helvetica, sans-serif;\">20)Diskussionen und Vorschl\u00e4ge von Kollegen und Schlussfolgerungen dar\u00fcber (30 Minuten)<\/span><\/p>\n<p><span style=\"font-family: tahoma, arial, helvetica, sans-serif;\">Standort:Paltalk , VVM im Iran<\/span><\/p>\n<p><span style=\"font-family: tahoma, arial, helvetica, sans-serif;\">Paltalk<\/span><\/p>\n<p><span style=\"font-family: tahoma, arial, helvetica, sans-serif;\">Social Issues and Politics<\/span><\/p>\n<p><span style=\"font-family: tahoma, arial, helvetica, sans-serif;\">Human Rights<\/span><\/p>\n<p><span style=\"font-family: tahoma, arial, helvetica, sans-serif;\">Kanoon Defa az Hoqoq Bashar dar Iran<\/span><\/p>\n<p><span style=\"font-family: tahoma, arial, helvetica, sans-serif;\">Hinweis: Die Anwesenheit aller Beamten und Mitglieder der Vereinigung ist rechtzeitig und notwendig bei der Versammlung.<\/span><\/p>\n<p><span style=\"font-family: tahoma, arial, helvetica, sans-serif;\">Irandokht Kia<\/span><\/p>\n<p><span style=\"font-family: tahoma, arial, helvetica, sans-serif;\">Verantwortlich f\u00fcr den PR-Ausschuss<\/span><\/p>\n","protected":false},"excerpt":{"rendered":"<p>Die Einladung zur Generalversammlung der Vereinigung zur Verteidigung der Menschenrechte im Iran \u00a001.M\u00e4rz.2020 Um 14:00 Uhr<\/p><p><a class=\"more-link btn\" href=\"https:\/\/deutsch.bashariyat.org\/?p=2821\">Weiterlesen<\/a><\/p>\n","protected":false},"author":2,"featured_media":0,"comment_status":"closed","ping_status":"closed","sticky":false,"template":"","format":"standard","meta":{"footnotes":""},"categories":[10],"tags":[],"class_list":["post-2821","post","type-post","status-publish","format-standard","hentry","category-rueckruf","item-wrap"],"_links":{"self":[{"href":"https:\/\/deutsch.bashariyat.org\/index.php?rest_route=\/wp\/v2\/posts\/2821","targetHints":{"allow":["GET"]}}],"collection":[{"href":"https:\/\/deutsch.bashariyat.org\/index.php?rest_route=\/wp\/v2\/posts"}],"about":[{"href":"https:\/\/deutsch.bashariyat.org\/index.php?rest_route=\/wp\/v2\/types\/post"}],"author":[{"embeddable":true,"href":"https:\/\/deutsch.bashariyat.org\/index.php?rest_route=\/wp\/v2\/users\/2"}],"replies":[{"embeddable":true,"href":"https:\/\/deutsch.bashariyat.org\/index.php?rest_route=%2Fwp%2Fv2%2Fcomments&post=2821"}],"version-history":[{"count":1,"href":"https:\/\/deutsch.bashariyat.org\/index.php?rest_route=\/wp\/v2\/posts\/2821\/revisions"}],"predecessor-version":[{"id":2822,"href":"https:\/\/deutsch.bashariyat.org\/index.php?rest_route=\/wp\/v2\/posts\/2821\/revisions\/2822"}],"wp:attachment":[{"href":"https:\/\/deutsch.bashariyat.org\/index.php?rest_route=%2Fwp%2Fv2%2Fmedia&parent=2821"}],"wp:term":[{"taxonomy":"category","embeddable":true,"href":"https:\/\/deutsch.bashariyat.org\/index.php?rest_route=%2Fwp%2Fv2%2Fcategories&post=2821"},{"taxonomy":"post_tag","embeddable":true,"href":"https:\/\/deutsch.bashariyat.org\/index.php?rest_route=%2Fwp%2Fv2%2Ftags&post=2821"}],"curies":[{"name":"wp","href":"https:\/\/api.w.org\/{rel}","templated":true}]}}