{"id":2831,"date":"2020-02-20T22:01:58","date_gmt":"2020-02-20T20:01:58","guid":{"rendered":"http:\/\/deutsch.bashariyat.org\/?p=2831"},"modified":"2020-02-24T22:11:47","modified_gmt":"2020-02-24T20:11:47","slug":"videoclip-20-februarwelttag-soziale-gerechtigkeit","status":"publish","type":"post","link":"https:\/\/deutsch.bashariyat.org\/?p=2831","title":{"rendered":"Videoclip 20. Februar:Welttag soziale Gerechtigkeit"},"content":{"rendered":"<p><span style=\"font-family: tahoma, arial, helvetica, sans-serif;\">Der heutige Montag ist \u201eWelttag der sozialen Gerechtigkeit\u201c. \u201eArmut hat in Stadt viele Gesichter und enorme Dimensionen: Menschen, die wegen niedriger L\u00f6hne und hoher Lebenshaltungskosten arm sind; \u00e4ltere Menschen, deren Rente nicht reicht; Alleinerziehende, die nicht wissen, wie sie \u00fcber die Runden kommen sollen; Wohnungslose, die am Wohnungsmarkt verzweifeln, und in Armut lebende Kinder \u2013 jedes davon ist eines zu viel.\u201c<\/span><\/p>\n<div class=\"embed-container\"><iframe loading=\"lazy\" title=\"\u0631\u0648\u0632 \u062c\u0647\u0627\u0646\u06cc \u0639\u062f\u0627\u0644\u062a \u0627\u062c\u062a\u0645\u0627\u0639\u06cc\u060c \u06af\u0631\u0627\u0645\u06cc\u062f\u0627\u0634\u062a \u06f2\u06f0 \u0641\u0648\u0631\u06cc\u0647\" width=\"1170\" height=\"658\" src=\"https:\/\/www.youtube.com\/embed\/4vGfpGXMHt8?feature=oembed\" frameborder=\"0\" allow=\"accelerometer; autoplay; clipboard-write; encrypted-media; gyroscope; picture-in-picture; web-share\" referrerpolicy=\"strict-origin-when-cross-origin\" allowfullscreen><\/iframe><\/div>\n<p><!--more--><\/p>\n<p><span style=\"font-family: tahoma, arial, helvetica, sans-serif;\">Dazu die Vereinten Nationen (UN): \u201eSoziale Gerechtigkeit ist eine wichtige Voraussetzung f\u00fcr das friedliche Zusammenleben innerhalb und zwischen den Nationen. F\u00fcr die UN geh\u00f6rt soziale Gerechtigkeit zu den wichtigsten globalen Aufgaben, um Entwicklungsprozesse und die W\u00fcrde des Menschen zu st\u00e4rken. Dazu geh\u00f6ren die Rechte von indigenen V\u00f6lkern und Migranten, genauso wie die Rechte von Menschen, die aufgrund von Alter, Ethnie, Religion, Kultur, Behinderung oder Geschlecht benachteiligt werden.<\/span><\/p>\n<p><span style=\"font-family: tahoma, arial, helvetica, sans-serif;\">Nach Sch\u00e4tzungen der IAO (Internationale Arbeitsorganisation) leben derzeit etwa 2 Milliarden Menschen in fragilen und von Konflikten betroffenen Situationen, von denen mehr als 400 Millionen zwischen 15 und 29 Jahre alt sind.<\/span><\/p>\n<p><span style=\"font-family: tahoma, arial, helvetica, sans-serif;\">Die Schaffung von Arbeitspl\u00e4tzen, bessere Arbeitspl\u00e4tze und ein besserer Zugang zu Arbeitspl\u00e4tzen f\u00fcr die untersten 40 Prozent haben das Potenzial, die Einkommen zu steigern und zu koh\u00e4renteren und gerechteren Gesellschaften beizutragen. Sie sind daher wichtig, um gewaltsame Konflikte zu verhindern und Konflikte nach Konflikten zu bew\u00e4ltigen.\u201c<\/span><\/p>\n","protected":false},"excerpt":{"rendered":"<p>Der heutige Montag ist \u201eWelttag der sozialen Gerechtigkeit\u201c. \u201eArmut hat in Stadt viele Gesichter und enorme Dimensionen: Menschen, die wegen niedriger L\u00f6hne und hoher Lebenshaltungskosten arm sind; \u00e4ltere Menschen, deren Rente nicht reicht; Alleinerziehende, die nicht wissen, wie sie \u00fcber die Runden kommen sollen; Wohnungslose, die am Wohnungsmarkt verzweifeln, und in Armut lebende Kinder \u2013 &hellip; <\/p>\n<p><a class=\"more-link btn\" href=\"https:\/\/deutsch.bashariyat.org\/?p=2831\">Weiterlesen<\/a><\/p>\n","protected":false},"author":2,"featured_media":0,"comment_status":"closed","ping_status":"closed","sticky":false,"template":"","format":"standard","meta":{"footnotes":""},"categories":[17],"tags":[],"class_list":["post-2831","post","type-post","status-publish","format-standard","hentry","category-videoclip","item-wrap"],"_links":{"self":[{"href":"https:\/\/deutsch.bashariyat.org\/index.php?rest_route=\/wp\/v2\/posts\/2831","targetHints":{"allow":["GET"]}}],"collection":[{"href":"https:\/\/deutsch.bashariyat.org\/index.php?rest_route=\/wp\/v2\/posts"}],"about":[{"href":"https:\/\/deutsch.bashariyat.org\/index.php?rest_route=\/wp\/v2\/types\/post"}],"author":[{"embeddable":true,"href":"https:\/\/deutsch.bashariyat.org\/index.php?rest_route=\/wp\/v2\/users\/2"}],"replies":[{"embeddable":true,"href":"https:\/\/deutsch.bashariyat.org\/index.php?rest_route=%2Fwp%2Fv2%2Fcomments&post=2831"}],"version-history":[{"count":1,"href":"https:\/\/deutsch.bashariyat.org\/index.php?rest_route=\/wp\/v2\/posts\/2831\/revisions"}],"predecessor-version":[{"id":2832,"href":"https:\/\/deutsch.bashariyat.org\/index.php?rest_route=\/wp\/v2\/posts\/2831\/revisions\/2832"}],"wp:attachment":[{"href":"https:\/\/deutsch.bashariyat.org\/index.php?rest_route=%2Fwp%2Fv2%2Fmedia&parent=2831"}],"wp:term":[{"taxonomy":"category","embeddable":true,"href":"https:\/\/deutsch.bashariyat.org\/index.php?rest_route=%2Fwp%2Fv2%2Fcategories&post=2831"},{"taxonomy":"post_tag","embeddable":true,"href":"https:\/\/deutsch.bashariyat.org\/index.php?rest_route=%2Fwp%2Fv2%2Ftags&post=2831"}],"curies":[{"name":"wp","href":"https:\/\/api.w.org\/{rel}","templated":true}]}}