{"id":2840,"date":"2020-02-27T13:04:11","date_gmt":"2020-02-27T11:04:11","guid":{"rendered":"http:\/\/deutsch.bashariyat.org\/?p=2840"},"modified":"2020-02-27T13:04:11","modified_gmt":"2020-02-27T11:04:11","slug":"monatliche-reportage-am-09-feb-2020-in-schweiz","status":"publish","type":"post","link":"https:\/\/deutsch.bashariyat.org\/?p=2840","title":{"rendered":"Monatliche Reportage am 09.Feb. 2020 in Schweiz"},"content":{"rendered":"<p><span style=\"font-family: tahoma, arial, helvetica, sans-serif;\">Unsere monatliche Sitzung wurde am 09.Feb.2020 um 13:00 Uhr mit einigen Mitglieder-, Bewohner- und unserem Paltalk Mitarbeitern, sowohl Vorort als auch Online in Paltalk stattgefunden.<\/span><br \/>\n<span style=\"font-family: tahoma, arial, helvetica, sans-serif;\">In dieser Sitzung ist es \u00fcber folgenden Punkten diskutiert, welche Sie unter untenstehende Anordnungen zuh\u00f6ren k\u00f6nnen:<\/span><!--more--><\/p>\n<p><span style=\"font-family: tahoma, arial, helvetica, sans-serif;\"><strong><u>Jafar Fard Karimi:<\/u><\/strong><u><br \/>\n<\/u>Berichte und Analyse \u00fcber Menschenrechteverletzungen in Januar 2020<\/span><\/p>\n<p><span style=\"font-family: tahoma, arial, helvetica, sans-serif;\"><strong><u>Rasoul Pourazad:<\/u><\/strong><u><br \/>\n<\/u>Durchleuchtung Absatz 17 von allgemeiner Erkl\u00e4rung der Menschenrechte und Vergleichung mit Verfassungsgesetzen der Islamische Republik Iran<\/span><\/p>\n<p><span style=\"font-family: tahoma, arial, helvetica, sans-serif;\"><strong><u>Mehrdad Safari Oskuyi:<\/u><\/strong><u><br \/>\n<\/u>Jahrestag der 57 Revolution und Missbrauch die Mullas<\/span><\/p>\n<p><span style=\"font-family: tahoma, arial, helvetica, sans-serif;\"><strong><u>Hamid Rashidi:<\/u><\/strong><u><br \/>\n<\/u>Verletzten in Oktober Protest<\/span><\/p>\n<p><span style=\"font-family: tahoma, arial, helvetica, sans-serif;\"><strong><u>Firouze Deh Bozorgi:<\/u><\/strong><u><br \/>\n<\/u>Anklagen wegen Spionage und deren Bestrafungen<\/span><\/p>\n<p><span style=\"font-family: tahoma, arial, helvetica, sans-serif;\"><strong><u>Naser Darv Khar:<\/u><\/strong><u><br \/>\n<\/u>Hinrichtung von Kindern<\/span><\/p>\n","protected":false},"excerpt":{"rendered":"<p>Unsere monatliche Sitzung wurde am 09.Feb.2020 um 13:00 Uhr mit einigen Mitglieder-, Bewohner- und unserem Paltalk Mitarbeitern, sowohl Vorort als auch Online in Paltalk stattgefunden. In dieser Sitzung ist es \u00fcber folgenden Punkten diskutiert, welche Sie unter untenstehende Anordnungen zuh\u00f6ren k\u00f6nnen:<\/p><p><a class=\"more-link btn\" href=\"https:\/\/deutsch.bashariyat.org\/?p=2840\">Weiterlesen<\/a><\/p>\n","protected":false},"author":2,"featured_media":0,"comment_status":"closed","ping_status":"closed","sticky":false,"template":"","format":"standard","meta":{"footnotes":""},"categories":[1],"tags":[],"class_list":["post-2840","post","type-post","status-publish","format-standard","hentry","category-allgemein","item-wrap"],"_links":{"self":[{"href":"https:\/\/deutsch.bashariyat.org\/index.php?rest_route=\/wp\/v2\/posts\/2840","targetHints":{"allow":["GET"]}}],"collection":[{"href":"https:\/\/deutsch.bashariyat.org\/index.php?rest_route=\/wp\/v2\/posts"}],"about":[{"href":"https:\/\/deutsch.bashariyat.org\/index.php?rest_route=\/wp\/v2\/types\/post"}],"author":[{"embeddable":true,"href":"https:\/\/deutsch.bashariyat.org\/index.php?rest_route=\/wp\/v2\/users\/2"}],"replies":[{"embeddable":true,"href":"https:\/\/deutsch.bashariyat.org\/index.php?rest_route=%2Fwp%2Fv2%2Fcomments&post=2840"}],"version-history":[{"count":1,"href":"https:\/\/deutsch.bashariyat.org\/index.php?rest_route=\/wp\/v2\/posts\/2840\/revisions"}],"predecessor-version":[{"id":2841,"href":"https:\/\/deutsch.bashariyat.org\/index.php?rest_route=\/wp\/v2\/posts\/2840\/revisions\/2841"}],"wp:attachment":[{"href":"https:\/\/deutsch.bashariyat.org\/index.php?rest_route=%2Fwp%2Fv2%2Fmedia&parent=2840"}],"wp:term":[{"taxonomy":"category","embeddable":true,"href":"https:\/\/deutsch.bashariyat.org\/index.php?rest_route=%2Fwp%2Fv2%2Fcategories&post=2840"},{"taxonomy":"post_tag","embeddable":true,"href":"https:\/\/deutsch.bashariyat.org\/index.php?rest_route=%2Fwp%2Fv2%2Ftags&post=2840"}],"curies":[{"name":"wp","href":"https:\/\/api.w.org\/{rel}","templated":true}]}}