{"id":2845,"date":"2020-02-28T11:58:24","date_gmt":"2020-02-28T09:58:24","guid":{"rendered":"http:\/\/deutsch.bashariyat.org\/?p=2845"},"modified":"2020-06-11T13:47:25","modified_gmt":"2020-06-11T11:47:25","slug":"audio-sitzungsbericht-des-des-ausschuss-der-bildung-und-forschung-im-iran-am-22-feb-2020","status":"publish","type":"post","link":"https:\/\/deutsch.bashariyat.org\/?p=2845","title":{"rendered":"Audio Sitzungsbericht des des Ausschuss der Bildung und Forschung im Iran am 22.Feb. 2020"},"content":{"rendered":"<p style=\"text-align: justify;\"><span style=\"font-family: tahoma, arial, helvetica, sans-serif;\">Die Sitzung des Forums des Forschungsausschusses am Samstag, den 22. Februar 2020 &#8211; 15 in Mitteleuropa &#8211; unter Anwesenheit der Vereinigung zur Verteidigung der Menschenrechte im Iran verehrte Mitglieder und eine Delegation von G\u00e4sten im Raum des Forschungsausschusses Paltak.<\/span><\/p>\n<p style=\"text-align: justify;\"><span style=\"font-family: tahoma, arial, helvetica, sans-serif;\">Das Treffen fand mit einem Vortrag \u00fcber das 17. Ziel der UNESCO-Agenda 2030 statt. in diesem Treffen: St\u00e4rkung der Aktivit\u00e4ten im Zusammenhang mit inl\u00e4ndischen Finanzmitteln wie Steuererhebung durch Frau Tahere Khati, Unterst\u00fctzung der Entwicklungsl\u00e4nder beim Schuldenerlass und Investitionen in die am wenigsten entwickelten L\u00e4nder durch Herrn Hashem Rezaei und Verbesserung der makro\u00f6konomischen Stabilit\u00e4t, F\u00f6rderung der Beteiligung des Privatsektors an der EU Wirtschaft von Mohammad Hasan Hasan Zade wurde diskutiert.<\/span><\/p>\n<p style=\"text-align: justify;\"><span style=\"font-family: tahoma, arial, helvetica, sans-serif;\">In dieser Sitzung ist es \u00fcber folgenden Punkte Diskutiert, welche Sie unter, untenstehende Anordnungen zuh\u00f6ren k\u00f6nnen:<\/span><\/p>\n<p style=\"text-align: justify;\"><span style=\"font-family: tahoma, arial, helvetica, sans-serif;\"><img loading=\"lazy\" decoding=\"async\" class=\"aligncenter\" src=\"https:\/\/seda-tasvir.bashariyat.org\/wp-content\/uploads\/2020\/02\/photo_2020-02-28_00-26-54.jpg\" width=\"633\" height=\"185\" \/><!--more--><\/span><\/p>\n<p style=\"text-align: justify;\"><span style=\"font-family: tahoma, arial, helvetica, sans-serif;\"><a href=\"http:\/\/azadegy.de\/jalasehpajohesh22feb2020\/taherekhati.mp3\">Tahere Khati Dizabadi:St\u00e4rkung der Aktivit\u00e4ten im Zusammenhang mit internen Finanzmitteln wie Steuererhebung<\/a><\/span><\/p>\n<p style=\"text-align: justify;\"><span style=\"font-family: tahoma, arial, helvetica, sans-serif;\"><a href=\"http:\/\/azadegy.de\/jalasehpajohesh22feb2020\/hashemrezaee.mp3\">Hashem Rezaee: Unterst\u00fctzung der Entwicklungsl\u00e4nder bei der Bezahlung von Schulden und bei Investitionen in L\u00e4nder mit dem niedrigsten Entwicklungsstand<\/a><\/span><\/p>\n<p style=\"text-align: justify;\"><span style=\"font-family: tahoma, arial, helvetica, sans-serif;\"><a href=\"http:\/\/azadegy.de\/jalasehpajohesh22feb2020\/mohammadhasanhasanzade.mp3\">Mohammadhasan Hasanzademehrabadi : F\u00f6rderung der makro\u00f6konomischen Stabilit\u00e4t und F\u00f6rderung der Beteiligung des Privatsektors an der Wirtschaft<\/a><\/span><\/p>\n<p style=\"text-align: justify;\">\n<p style=\"text-align: justify;\"><span style=\"font-family: tahoma, arial, helvetica, sans-serif;\">Verantwortlich f\u00fcr die Sitzung<strong>: Abolfazl Parvizi<\/strong><\/span><\/p>\n<p style=\"text-align: justify;\"><span style=\"font-family: tahoma, arial, helvetica, sans-serif;\">Sekret\u00e4r der Sitzung<strong>: Niloufar Imanian<\/strong><\/span><\/p>\n<p style=\"text-align: justify;\"><span style=\"font-family: tahoma, arial, helvetica, sans-serif;\">Soundtrack<strong>: Abolfazl Parvizi,Hashem Rezaee<\/strong><\/span><\/p>\n<p style=\"text-align: justify;\"><span style=\"font-family: tahoma, arial, helvetica, sans-serif;\">Admins<strong>:<\/strong>\u00a0 <strong>Abolfazl Parvizi, Hashem Rezaee, Nilofar Imanian<\/strong><\/span><\/p>\n<p style=\"text-align: justify;\">\n<p style=\"text-align: justify;\">\n<p style=\"text-align: justify;\"><span style=\"font-family: tahoma, arial, helvetica, sans-serif;\"><strong>Vereinigung zur Verteidigung der Menschenrechte im Iran\u00a0<\/strong><\/span><\/p>\n<p style=\"text-align: justify;\"><span style=\"font-family: tahoma, arial, helvetica, sans-serif;\"><strong>Ausschuss der Bildung und Forschung<\/strong><\/span><\/p>\n","protected":false},"excerpt":{"rendered":"<p>Die Sitzung des Forums des Forschungsausschusses am Samstag, den 22. Februar 2020 &#8211; 15 in Mitteleuropa &#8211; unter Anwesenheit der Vereinigung zur Verteidigung der Menschenrechte im Iran verehrte Mitglieder und eine Delegation von G\u00e4sten im Raum des Forschungsausschusses Paltak. Das Treffen fand mit einem Vortrag \u00fcber das 17. Ziel der UNESCO-Agenda 2030 statt. in diesem &hellip; <\/p>\n<p><a class=\"more-link btn\" href=\"https:\/\/deutsch.bashariyat.org\/?p=2845\">Weiterlesen<\/a><\/p>\n","protected":false},"author":2,"featured_media":0,"comment_status":"closed","ping_status":"closed","sticky":false,"template":"","format":"standard","meta":{"footnotes":""},"categories":[11],"tags":[20,56,67],"class_list":["post-2845","post","type-post","status-publish","format-standard","hentry","category-sitzungsberichte","tag-hashem-rezaee","tag-mohammadhasan-hasanzadehmehrabadi","tag-tahere-khati","item-wrap"],"_links":{"self":[{"href":"https:\/\/deutsch.bashariyat.org\/index.php?rest_route=\/wp\/v2\/posts\/2845","targetHints":{"allow":["GET"]}}],"collection":[{"href":"https:\/\/deutsch.bashariyat.org\/index.php?rest_route=\/wp\/v2\/posts"}],"about":[{"href":"https:\/\/deutsch.bashariyat.org\/index.php?rest_route=\/wp\/v2\/types\/post"}],"author":[{"embeddable":true,"href":"https:\/\/deutsch.bashariyat.org\/index.php?rest_route=\/wp\/v2\/users\/2"}],"replies":[{"embeddable":true,"href":"https:\/\/deutsch.bashariyat.org\/index.php?rest_route=%2Fwp%2Fv2%2Fcomments&post=2845"}],"version-history":[{"count":5,"href":"https:\/\/deutsch.bashariyat.org\/index.php?rest_route=\/wp\/v2\/posts\/2845\/revisions"}],"predecessor-version":[{"id":3221,"href":"https:\/\/deutsch.bashariyat.org\/index.php?rest_route=\/wp\/v2\/posts\/2845\/revisions\/3221"}],"wp:attachment":[{"href":"https:\/\/deutsch.bashariyat.org\/index.php?rest_route=%2Fwp%2Fv2%2Fmedia&parent=2845"}],"wp:term":[{"taxonomy":"category","embeddable":true,"href":"https:\/\/deutsch.bashariyat.org\/index.php?rest_route=%2Fwp%2Fv2%2Fcategories&post=2845"},{"taxonomy":"post_tag","embeddable":true,"href":"https:\/\/deutsch.bashariyat.org\/index.php?rest_route=%2Fwp%2Fv2%2Ftags&post=2845"}],"curies":[{"name":"wp","href":"https:\/\/api.w.org\/{rel}","templated":true}]}}