{"id":2871,"date":"2020-03-21T15:39:03","date_gmt":"2020-03-21T13:39:03","guid":{"rendered":"http:\/\/deutsch.bashariyat.org\/?p=2871"},"modified":"2020-03-21T15:39:03","modified_gmt":"2020-03-21T13:39:03","slug":"einladung-zur-sitzung-vvm-iran-repraesentanz-ostasiatische-laender-am-27-maer-2020-um-1400-uhr-mez","status":"publish","type":"post","link":"https:\/\/deutsch.bashariyat.org\/?p=2871","title":{"rendered":"Einladung zur Sitzung VVM. Iran Repr\u00e4sentanz Ostasiatische L\u00e4nder am 27. M\u00e4r. 2020 um 14:00 Uhr (MEZ)"},"content":{"rendered":"<p><span style=\"font-family: tahoma, arial, helvetica, sans-serif;\"><strong><u>Vortrag, Fragen und Antworten, Diskussionen und Unterhaltungen<\/u><\/strong><\/span><\/p>\n<p><span style=\"font-family: tahoma, arial, helvetica, sans-serif;\"><strong>Referenten und Vortr\u00e4ge:<\/strong><\/span><!--more--><\/p>\n<p><span style=\"font-family: tahoma, arial, helvetica, sans-serif;\"><u>Lida Ashjaei<\/u>:<\/span><br \/>\n<span style=\"font-family: tahoma, arial, helvetica, sans-serif;\">Berichte und Analyse \u00fcber Menschenrechteverletzungen im Feb 2020<\/span><\/p>\n<p><span style=\"font-family: tahoma, arial, helvetica, sans-serif;\"><u>Mohammad Yousef Ismaeili<\/u>:<\/span><br \/>\n<span style=\"font-family: tahoma, arial, helvetica, sans-serif;\">Durchleuchtung Absatz 3 von Allgemeine Erkl\u00e4rung der Menschenrechte und Vergleichung mit Verfassungsgesetzen der Islamische Republik Iran<\/span><\/p>\n<p><span style=\"font-family: tahoma, arial, helvetica, sans-serif;\"><u>Naghme Taghizadeh<\/u>:<\/span><br \/>\n<span style=\"font-family: tahoma, arial, helvetica, sans-serif;\">Frauen und Kampf f\u00fcr Grundrechte<\/span><\/p>\n<p><span style=\"font-family: tahoma, arial, helvetica, sans-serif;\"><u>Mostafa Maryami<\/u>:<\/span><br \/>\n<span style=\"font-family: tahoma, arial, helvetica, sans-serif;\">Covid-19 oder Unw\u00fcrdigkeit<\/span><\/p>\n<p><span style=\"font-family: tahoma, arial, helvetica, sans-serif;\"><strong>Am Ende jedes Abschnittes findet Allgemeine Diskussion Statt<\/strong><\/span><\/p>\n<p><span style=\"font-family: tahoma, arial, helvetica, sans-serif;\"><strong>\u00d6ffentliche Diskussion unter F\u00fchrung die Frau Nouri Irani: <\/strong><\/span><\/p>\n<p><span style=\"font-family: tahoma, arial, helvetica, sans-serif;\">Gesundheitsrecht und Missmanagement in dem Kriese<\/span><\/p>\n<p>&nbsp;<\/p>\n<p><span style=\"font-family: tahoma, arial, helvetica, sans-serif;\"><strong>Wann:<br \/>\n<\/strong>Freitag den 27.M\u00e4r.2020 ab 14:00 Uhr<\/span><\/p>\n<p><span style=\"font-family: tahoma, arial, helvetica, sans-serif;\"><strong>\u00a0<\/strong><\/span><\/p>\n<p><span style=\"font-family: tahoma, arial, helvetica, sans-serif;\"><strong>Wo:<br \/>\n<\/strong>In Paltalk Sitzung<\/span><\/p>\n<p><span style=\"font-family: tahoma, arial, helvetica, sans-serif;\"><strong>\u00a0<\/strong><\/span><\/p>\n<p><span style=\"font-family: tahoma, arial, helvetica, sans-serif;\"><strong>Paltalk Sitzung:<br \/>\n<\/strong>Social, Issues and Politic\/ Human Rights\/ Kanoon Defa az Hoghogh Bashar dar Iran Hamburg<\/span><\/p>\n<p><span style=\"font-family: tahoma, arial, helvetica, sans-serif;\"><strong>\u00a0<\/strong><\/span><\/p>\n<p><span style=\"font-family: tahoma, arial, helvetica, sans-serif;\"><strong>Sitzungsleitung:<br \/>\n<\/strong>Mohammad Aboutalebi<\/span><\/p>\n<p><span style=\"font-family: tahoma, arial, helvetica, sans-serif;\"><strong>\u00a0<\/strong><\/span><\/p>\n<p><span style=\"font-family: tahoma, arial, helvetica, sans-serif;\"><strong>Sitzungssekret\u00e4r: <\/strong><\/span><\/p>\n<p><span style=\"font-family: tahoma, arial, helvetica, sans-serif;\">Melika Ahmadi Sabzevari<\/span><\/p>\n<p><span style=\"font-family: tahoma, arial, helvetica, sans-serif;\"><strong>\u00a0<\/strong><\/span><\/p>\n<p><span style=\"font-family: tahoma, arial, helvetica, sans-serif;\"><strong>Paltalkadmin:<\/strong><\/span><\/p>\n<p><span style=\"font-family: tahoma, arial, helvetica, sans-serif;\">Mohammad Golestanjo<\/span><\/p>\n<p><span style=\"font-family: tahoma, arial, helvetica, sans-serif;\">Mohamad Aboutalebi<\/span><\/p>\n<p><span style=\"font-family: tahoma, arial, helvetica, sans-serif;\">Abolfazl Parvizi<\/span><\/p>\n<p>&nbsp;<\/p>\n<p><span style=\"font-family: tahoma, arial, helvetica, sans-serif;\"><strong>Tonaufnahme:<br \/>\n<\/strong>Abolfazl Parvizi<\/span><\/p>\n<p><span style=\"font-family: tahoma, arial, helvetica, sans-serif;\"><strong>\u00a0<\/strong><\/span><\/p>\n<p><span style=\"font-family: tahoma, arial, helvetica, sans-serif;\"><strong>\u00a0<\/strong><\/span><\/p>\n<p><span style=\"font-family: tahoma, arial, helvetica, sans-serif;\"><strong>Vereinigung zur Verteidigung der Menschenrechte im Iran e.V.<br \/>\n<\/strong><strong>Repr\u00e4sentanz Ostasiatische L\u00e4nder<\/strong><\/span><\/p>\n<p>&nbsp;<\/p>\n","protected":false},"excerpt":{"rendered":"<p>Vortrag, Fragen und Antworten, Diskussionen und Unterhaltungen Referenten und Vortr\u00e4ge:<\/p><p><a class=\"more-link btn\" href=\"https:\/\/deutsch.bashariyat.org\/?p=2871\">Weiterlesen<\/a><\/p>\n","protected":false},"author":2,"featured_media":0,"comment_status":"closed","ping_status":"closed","sticky":false,"template":"","format":"standard","meta":{"footnotes":""},"categories":[10],"tags":[20],"class_list":["post-2871","post","type-post","status-publish","format-standard","hentry","category-rueckruf","tag-hashem-rezaee","item-wrap"],"_links":{"self":[{"href":"https:\/\/deutsch.bashariyat.org\/index.php?rest_route=\/wp\/v2\/posts\/2871","targetHints":{"allow":["GET"]}}],"collection":[{"href":"https:\/\/deutsch.bashariyat.org\/index.php?rest_route=\/wp\/v2\/posts"}],"about":[{"href":"https:\/\/deutsch.bashariyat.org\/index.php?rest_route=\/wp\/v2\/types\/post"}],"author":[{"embeddable":true,"href":"https:\/\/deutsch.bashariyat.org\/index.php?rest_route=\/wp\/v2\/users\/2"}],"replies":[{"embeddable":true,"href":"https:\/\/deutsch.bashariyat.org\/index.php?rest_route=%2Fwp%2Fv2%2Fcomments&post=2871"}],"version-history":[{"count":1,"href":"https:\/\/deutsch.bashariyat.org\/index.php?rest_route=\/wp\/v2\/posts\/2871\/revisions"}],"predecessor-version":[{"id":2872,"href":"https:\/\/deutsch.bashariyat.org\/index.php?rest_route=\/wp\/v2\/posts\/2871\/revisions\/2872"}],"wp:attachment":[{"href":"https:\/\/deutsch.bashariyat.org\/index.php?rest_route=%2Fwp%2Fv2%2Fmedia&parent=2871"}],"wp:term":[{"taxonomy":"category","embeddable":true,"href":"https:\/\/deutsch.bashariyat.org\/index.php?rest_route=%2Fwp%2Fv2%2Fcategories&post=2871"},{"taxonomy":"post_tag","embeddable":true,"href":"https:\/\/deutsch.bashariyat.org\/index.php?rest_route=%2Fwp%2Fv2%2Ftags&post=2871"}],"curies":[{"name":"wp","href":"https:\/\/api.w.org\/{rel}","templated":true}]}}