{"id":2948,"date":"2020-04-19T14:19:20","date_gmt":"2020-04-19T12:19:20","guid":{"rendered":"http:\/\/deutsch.bashariyat.org\/?p=2948"},"modified":"2020-04-19T14:24:11","modified_gmt":"2020-04-19T12:24:11","slug":"audio-sitzungsbericht-des-verteidigungsausschuss-der-anhaenger-der-religionen-rechte-im-iran-am-22-apr-2020","status":"publish","type":"post","link":"https:\/\/deutsch.bashariyat.org\/?p=2948","title":{"rendered":"Audio-Sitzungsbericht des Verteidigungsausschuss der Anh\u00e4nger der Religionen-Rechte im Iran am 22.Apr.2020"},"content":{"rendered":"<p>&nbsp;<\/p>\n<p><span style=\"font-family: tahoma, arial, helvetica, sans-serif;\"><strong> <a href=\"http:\/\/deutsch.bashariyat.org\/wp-content\/uploads\/2020\/04\/1.png\"><img loading=\"lazy\" decoding=\"async\" class=\"wp-image-2949 aligncenter\" src=\"http:\/\/deutsch.bashariyat.org\/wp-content\/uploads\/2020\/04\/1.png\" alt=\"\" width=\"434\" height=\"162\" data-id=\"2949\" srcset=\"https:\/\/deutsch.bashariyat.org\/wp-content\/uploads\/2020\/04\/1.png 800w, https:\/\/deutsch.bashariyat.org\/wp-content\/uploads\/2020\/04\/1-300x112.png 300w, https:\/\/deutsch.bashariyat.org\/wp-content\/uploads\/2020\/04\/1-768x287.png 768w\" sizes=\"auto, (max-width: 434px) 100vw, 434px\" \/><\/a><\/strong><\/span><\/p>\n<p style=\"text-align: justify;\"><span style=\"font-family: tahoma, arial, helvetica, sans-serif;\">Eine Sitzung des Verteidigungsausschuss der Anh\u00e4nger der Religionen-Rechte fand am 12. April 2020 um 17:00 Uhr mitteleurop\u00e4ischer Zeit in Anwesenheit von Ausschussmitgliedern und einer Gruppe von Menschenrechtsaktivisten und anderen G\u00e4sten im Paltak Cyberspace statt. In dieser Sitzung wurden die folgenden Themen er\u00f6rtert. Interessenten k\u00f6nnen den Audiobericht dieses Meetings aus den folgenden Audiodateien anh\u00f6ren :<\/span><!--more--><\/p>\n<p>&nbsp;<\/p>\n<p><a href=\"http:\/\/azadegy.de\/jalaseadyan12apr2020\/Asadifar.mp3\"><span style=\"font-family: tahoma, arial, helvetica, sans-serif;\"><strong>Lida Asadifar <\/strong><strong>\u00a0:<\/strong>Bericht und Analyse der Menschenrechteverletzungen der Anh\u00e4nger Religionen im Feb.\/M\u00e4rz 2020<\/span><\/a><\/p>\n<p>&nbsp;<\/p>\n<p><a href=\"http:\/\/azadegy.de\/jalaseadyan12apr2020\/IMANICHEGENI.mp3\"><span style=\"font-family: tahoma, arial, helvetica, sans-serif;\"><strong>Mehrnoosh Imani Chegini <\/strong><strong>\u00a0:<\/strong>\u00dcberpr\u00fcfung des Artikels 3 der Allgemeinen Erkl\u00e4rung der Menschenrechte Und dessen Vergleich mit der Verfassung der Islamischen Republik Iran<\/span><\/a><\/p>\n<p><span style=\"font-family: tahoma, arial, helvetica, sans-serif;\"><strong>\u00a0<\/strong><\/span><\/p>\n<p><a href=\"http:\/\/azadegy.de\/jalaseadyan12apr2020\/JABARI.mp3\"><span style=\"font-family: tahoma, arial, helvetica, sans-serif;\"><strong>Sam Jabbari Kermani <\/strong><strong>\u00a0:<\/strong>Gesetz und Anh\u00e4nger des Bah\u00e1&#8217;\u00ed-Glaubens<\/span><\/a><\/p>\n<p>&nbsp;<\/p>\n<p><a href=\"http:\/\/azadegy.de\/jalaseadyan12apr2020\/GHADIRI.mp3\"><span style=\"font-family: tahoma, arial, helvetica, sans-serif;\"><strong>Alireza Ghadiri Asfarjani <\/strong><strong>\u00a0:<\/strong>\u00dcberpr\u00fcfung der Situation von gewaltlosen politischen Gefangenen in Gef\u00e4ngnissen nach dem Ausbruch der Korona<\/span><\/a><\/p>\n<p>&nbsp;<\/p>\n<p><a href=\"http:\/\/azadegy.de\/jalaseadyan12apr2020\/ZAREI.mp3\"><span style=\"font-family: tahoma, arial, helvetica, sans-serif;\"><strong>Mehrab Zareei <\/strong><strong>\u00a0:<\/strong>Sunniten und Serienmorde<\/span><\/a><\/p>\n<p>&nbsp;<\/p>\n<p><a href=\"http:\/\/azadegy.de\/jalaseadyan12apr2020\/bahseazad.mp3\"><span style=\"font-family: tahoma, arial, helvetica, sans-serif;\"><strong>Die \u00f6ffentliche Diskussion<\/strong>(Unter der Leitung von Herrn<strong> Hashem Rezaee<\/strong>)<strong>:<\/strong> Rechenschaftspflicht und Transparenz der Regierung sind B\u00fcrgerrechte<\/span><\/a><\/p>\n<p>&nbsp;<\/p>\n<p>&nbsp;<\/p>\n<p>&nbsp;<\/p>\n<p>&nbsp;<\/p>\n","protected":false},"excerpt":{"rendered":"<p>&nbsp; Eine Sitzung des Verteidigungsausschuss der Anh\u00e4nger der Religionen-Rechte fand am 12. April 2020 um 17:00 Uhr mitteleurop\u00e4ischer Zeit in Anwesenheit von Ausschussmitgliedern und einer Gruppe von Menschenrechtsaktivisten und anderen G\u00e4sten im Paltak Cyberspace statt. In dieser Sitzung wurden die folgenden Themen er\u00f6rtert. Interessenten k\u00f6nnen den Audiobericht dieses Meetings aus den folgenden Audiodateien anh\u00f6ren :<\/p><p><a class=\"more-link btn\" href=\"https:\/\/deutsch.bashariyat.org\/?p=2948\">Weiterlesen<\/a><\/p>\n","protected":false},"author":2,"featured_media":0,"comment_status":"closed","ping_status":"closed","sticky":false,"template":"","format":"standard","meta":{"footnotes":""},"categories":[1],"tags":[],"class_list":["post-2948","post","type-post","status-publish","format-standard","hentry","category-allgemein","item-wrap"],"_links":{"self":[{"href":"https:\/\/deutsch.bashariyat.org\/index.php?rest_route=\/wp\/v2\/posts\/2948","targetHints":{"allow":["GET"]}}],"collection":[{"href":"https:\/\/deutsch.bashariyat.org\/index.php?rest_route=\/wp\/v2\/posts"}],"about":[{"href":"https:\/\/deutsch.bashariyat.org\/index.php?rest_route=\/wp\/v2\/types\/post"}],"author":[{"embeddable":true,"href":"https:\/\/deutsch.bashariyat.org\/index.php?rest_route=\/wp\/v2\/users\/2"}],"replies":[{"embeddable":true,"href":"https:\/\/deutsch.bashariyat.org\/index.php?rest_route=%2Fwp%2Fv2%2Fcomments&post=2948"}],"version-history":[{"count":4,"href":"https:\/\/deutsch.bashariyat.org\/index.php?rest_route=\/wp\/v2\/posts\/2948\/revisions"}],"predecessor-version":[{"id":2953,"href":"https:\/\/deutsch.bashariyat.org\/index.php?rest_route=\/wp\/v2\/posts\/2948\/revisions\/2953"}],"wp:attachment":[{"href":"https:\/\/deutsch.bashariyat.org\/index.php?rest_route=%2Fwp%2Fv2%2Fmedia&parent=2948"}],"wp:term":[{"taxonomy":"category","embeddable":true,"href":"https:\/\/deutsch.bashariyat.org\/index.php?rest_route=%2Fwp%2Fv2%2Fcategories&post=2948"},{"taxonomy":"post_tag","embeddable":true,"href":"https:\/\/deutsch.bashariyat.org\/index.php?rest_route=%2Fwp%2Fv2%2Ftags&post=2948"}],"curies":[{"name":"wp","href":"https:\/\/api.w.org\/{rel}","templated":true}]}}