{"id":2976,"date":"2020-04-23T23:39:03","date_gmt":"2020-04-23T21:39:03","guid":{"rendered":"http:\/\/deutsch.bashariyat.org\/?p=2976"},"modified":"2020-04-23T23:40:07","modified_gmt":"2020-04-23T21:40:07","slug":"einladung-zur-sitzung-repraesentation-von-baden-wuerttemberg-am-24-apr-2020","status":"publish","type":"post","link":"https:\/\/deutsch.bashariyat.org\/?p=2976","title":{"rendered":"Einladung zur Sitzung Repr\u00e4sentation von \u00a0Baden-W\u00fcrttemberg am 24.Apr 2020  \u00a0"},"content":{"rendered":"<p style=\"text-align: center;\"><span style=\"color: #ff0000;\"><strong><span style=\"font-family: tahoma, arial, helvetica, sans-serif;\">Vortrag, Fragen und Antworten, Diskussionen und Unterhalten<\/span><\/strong><\/span><\/p>\n<p><span style=\"font-family: tahoma, arial, helvetica, sans-serif;\"><strong>Referenten und das Thema der Vortr\u00e4ge:<\/strong><\/span><\/p>\n<p><span style=\"font-family: tahoma, arial, helvetica, sans-serif;\"><strong>\u00a0<\/strong>Hashem Rezaee:<\/span><\/p>\n<p><span style=\"font-family: tahoma, arial, helvetica, sans-serif;\"><strong>Autoren und die Presse <\/strong><!--more--><\/span><\/p>\n<p><span style=\"font-family: tahoma, arial, helvetica, sans-serif;\">Omid Shirmohammadi:<\/span><\/p>\n<p><span style=\"font-family: tahoma, arial, helvetica, sans-serif;\"><strong>Artikel 25 \u00dcberpr\u00fcfung der Allgemeinen Erkl\u00e4rung der Menschenrechte Und vergleichen ihn mit der Verfassung der Islamischen Republik Iran<\/strong><\/span><\/p>\n<p>&nbsp;<\/p>\n<p><span style=\"font-family: tahoma, arial, helvetica, sans-serif;\">Mehrab Zareie:<\/span><\/p>\n<p><span style=\"font-family: tahoma, arial, helvetica, sans-serif;\"><strong>Bericht und Analyse der Menschenrechteverletzungen im April 2020<\/strong><\/span><\/p>\n<p><span style=\"font-family: tahoma, arial, helvetica, sans-serif;\"><strong>\u00a0<\/strong><\/span><\/p>\n<p><span style=\"font-family: tahoma, arial, helvetica, sans-serif;\">Hamed Gharibzadeh:<\/span><\/p>\n<p><span style=\"font-family: tahoma, arial, helvetica, sans-serif;\"><strong>Krankenpflege im Iran <\/strong><\/span><\/p>\n<p>&nbsp;<\/p>\n<p><span style=\"font-family: tahoma, arial, helvetica, sans-serif;\">Am Ende jedes Abschnitts finden Fragen und Antworten statt.<\/span><\/p>\n<p>&nbsp;<\/p>\n<p><span style=\"font-family: tahoma, arial, helvetica, sans-serif;\"><strong>Die \u00f6ffentliche Diskussion: <\/strong><\/span><\/p>\n<p><span style=\"font-family: tahoma, arial, helvetica, sans-serif;\"><strong>Gefangene und die Corona-Krise<\/strong><\/span><\/p>\n<p><span style=\"font-family: tahoma, arial, helvetica, sans-serif;\"><strong>\u00a0<\/strong><\/span><\/p>\n<p><span style=\"font-family: tahoma, arial, helvetica, sans-serif;\"><strong>Zeit: <\/strong>Freitag 24.Apr.2020, um 14:00 Uhr MEZ<\/span><\/p>\n<p><span style=\"font-family: tahoma, arial, helvetica, sans-serif;\"><strong>Veranstaltungsort<\/strong><strong>:<\/strong> Paltalk Civic, Workplace von Baden W\u00fcrttemberg<\/span><\/p>\n<p><span style=\"font-family: tahoma, arial, helvetica, sans-serif;\">Paltalk; View all<\/span><\/p>\n<p><span style=\"font-family: tahoma, arial, helvetica, sans-serif;\">Social Issues and Politics<\/span><\/p>\n<p><span style=\"font-family: tahoma, arial, helvetica, sans-serif;\">Human Rights<\/span><\/p>\n<p><span style=\"font-family: tahoma, arial, helvetica, sans-serif;\">Kanoon Defa az Hoghogh Bashar dar Iran, Baden W\u00fcrttemberg<\/span><\/p>\n<p>&nbsp;<\/p>\n<p><span style=\"font-family: tahoma, arial, helvetica, sans-serif;\">Unsere Kollegen und Aktivisten, die uns bei diesem Treffen helfen:<\/span><\/p>\n<p><span style=\"font-family: tahoma, arial, helvetica, sans-serif;\"><strong>Verantwortlich f\u00fcr die Sitzung:<\/strong> Mohammadreza Changizi<\/span><\/p>\n<p><span style=\"font-family: tahoma, arial, helvetica, sans-serif;\"><strong>Sekret\u00e4r der Sitzung:<\/strong> Parisa Habibi<\/span><\/p>\n<p><span style=\"font-family: tahoma, arial, helvetica, sans-serif;\"><strong>Admins:<\/strong>Hamidreya Taghipoor Dehghan Tabrizi, Mohammadreza Changizi, Hashem Rezaee<\/span><\/p>\n<p><span style=\"font-family: tahoma, arial, helvetica, sans-serif;\"><strong>Tonaufnahme:<\/strong> Mohammadreza Changizi, Omid Shirmohammadi<\/span><\/p>\n<p>&nbsp;<\/p>\n<p><span style=\"font-family: tahoma, arial, helvetica, sans-serif;\"><strong>Vereinigung zur Verteidigung der Menschenrechte im Iran<\/strong><\/span><\/p>\n<h1><span style=\"font-family: tahoma, arial, helvetica, sans-serif;\"><strong>Repr\u00e4sentation von Baden-W\u00fcrttemberg<\/strong><\/span><\/h1>\n","protected":false},"excerpt":{"rendered":"<p>Vortrag, Fragen und Antworten, Diskussionen und Unterhalten Referenten und das Thema der Vortr\u00e4ge: \u00a0Hashem Rezaee: Autoren und die Presse<\/p><p><a class=\"more-link btn\" href=\"https:\/\/deutsch.bashariyat.org\/?p=2976\">Weiterlesen<\/a><\/p>\n","protected":false},"author":2,"featured_media":0,"comment_status":"closed","ping_status":"closed","sticky":false,"template":"","format":"standard","meta":{"footnotes":""},"categories":[10],"tags":[20],"class_list":["post-2976","post","type-post","status-publish","format-standard","hentry","category-rueckruf","tag-hashem-rezaee","item-wrap"],"_links":{"self":[{"href":"https:\/\/deutsch.bashariyat.org\/index.php?rest_route=\/wp\/v2\/posts\/2976","targetHints":{"allow":["GET"]}}],"collection":[{"href":"https:\/\/deutsch.bashariyat.org\/index.php?rest_route=\/wp\/v2\/posts"}],"about":[{"href":"https:\/\/deutsch.bashariyat.org\/index.php?rest_route=\/wp\/v2\/types\/post"}],"author":[{"embeddable":true,"href":"https:\/\/deutsch.bashariyat.org\/index.php?rest_route=\/wp\/v2\/users\/2"}],"replies":[{"embeddable":true,"href":"https:\/\/deutsch.bashariyat.org\/index.php?rest_route=%2Fwp%2Fv2%2Fcomments&post=2976"}],"version-history":[{"count":2,"href":"https:\/\/deutsch.bashariyat.org\/index.php?rest_route=\/wp\/v2\/posts\/2976\/revisions"}],"predecessor-version":[{"id":2978,"href":"https:\/\/deutsch.bashariyat.org\/index.php?rest_route=\/wp\/v2\/posts\/2976\/revisions\/2978"}],"wp:attachment":[{"href":"https:\/\/deutsch.bashariyat.org\/index.php?rest_route=%2Fwp%2Fv2%2Fmedia&parent=2976"}],"wp:term":[{"taxonomy":"category","embeddable":true,"href":"https:\/\/deutsch.bashariyat.org\/index.php?rest_route=%2Fwp%2Fv2%2Fcategories&post=2976"},{"taxonomy":"post_tag","embeddable":true,"href":"https:\/\/deutsch.bashariyat.org\/index.php?rest_route=%2Fwp%2Fv2%2Ftags&post=2976"}],"curies":[{"name":"wp","href":"https:\/\/api.w.org\/{rel}","templated":true}]}}