{"id":2994,"date":"2020-04-27T21:25:02","date_gmt":"2020-04-27T19:25:02","guid":{"rendered":"http:\/\/deutsch.bashariyat.org\/?p=2994"},"modified":"2020-04-27T21:28:26","modified_gmt":"2020-04-27T19:28:26","slug":"audio-sprachbericht-von-skandinavischer-repraesentation-am-19-apr-2020","status":"publish","type":"post","link":"https:\/\/deutsch.bashariyat.org\/?p=2994","title":{"rendered":"Audio-Sprachbericht von Skandinavischer Repr\u00e4sentation am 19.Apr.2020"},"content":{"rendered":"<p style=\"text-align: justify;\"><span style=\"font-family: tahoma, arial, helvetica, sans-serif;\"><a href=\"http:\/\/deutsch.bashariyat.org\/wp-content\/uploads\/2020\/04\/1.jpg\"><img loading=\"lazy\" decoding=\"async\" class=\"wp-image-2995 aligncenter\" src=\"http:\/\/deutsch.bashariyat.org\/wp-content\/uploads\/2020\/04\/1.jpg\" alt=\"\" width=\"498\" height=\"133\" data-id=\"2995\" srcset=\"https:\/\/deutsch.bashariyat.org\/wp-content\/uploads\/2020\/04\/1.jpg 780w, https:\/\/deutsch.bashariyat.org\/wp-content\/uploads\/2020\/04\/1-300x80.jpg 300w, https:\/\/deutsch.bashariyat.org\/wp-content\/uploads\/2020\/04\/1-768x205.jpg 768w\" sizes=\"auto, (max-width: 498px) 100vw, 498px\" \/><\/a><\/span><\/p>\n<p style=\"text-align: justify;\"><span style=\"font-family: tahoma, arial, helvetica, sans-serif;\">Eine Sitzung von Skandinavischer Repr\u00e4sentation fand am 19. April 2020 um 20:00 Uhr mitteleurop\u00e4ischer Zeit in Anwesenheit von Mitgliedern und einer Gruppe von Menschenrechtsaktivisten und anderen G\u00e4sten im Paltak Cyberspace statt. In dieser Sitzung wurden die folgenden Themen er\u00f6rtert. Interessenten k\u00f6nnen den Audiobericht dieses Meetings aus den folgenden Audiodateien anh\u00f6ren :<\/span><!--more--><\/p>\n<p style=\"text-align: justify;\"><a href=\"http:\/\/azadegy.de\/jalasehscandinavi15Apr2020\/1.mp3\"><span style=\"font-family: tahoma, arial, helvetica, sans-serif;\"><strong>Azad Bahrami <\/strong><strong>\u00a0:<\/strong>Bericht und Analyse der Menschenrechteverletzungen der Anh\u00e4nger Religionen im M\u00e4rz\/April 2020<\/span><\/a><\/p>\n<p style=\"text-align: justify;\"><a href=\"http:\/\/azadegy.de\/jalasehscandinavi15Apr2020\/2.mp3\"><span style=\"font-family: tahoma, arial, helvetica, sans-serif;\"><strong>Reza Abbasi Zamanabadi <\/strong><strong>\u00a0:<\/strong>\u00dcberpr\u00fcfung des Artikels 20 der Allgemeinen Erkl\u00e4rung der Menschenrechte Und dessen Vergleich mit der Verfassung der Islamischen Republik Iran<\/span><\/a><\/p>\n<p style=\"text-align: justify;\"><span style=\"font-family: tahoma, arial, helvetica, sans-serif;\"><strong>\u00a0<\/strong><\/span><\/p>\n<p style=\"text-align: justify;\"><a href=\"http:\/\/azadegy.de\/jalasehscandinavi15Apr2020\/3.mp3\"><span style=\"font-family: tahoma, arial, helvetica, sans-serif;\"><strong>Batoul Farsi <\/strong><strong>\u00a0:<\/strong> Die Andersdenkenden und Anh\u00e4nger anderer Religionen im Iran<\/span><\/a><\/p>\n<p style=\"text-align: justify;\"><a href=\"http:\/\/azadegy.de\/jalasehscandinavi15Apr2020\/4.mp3\"><span style=\"font-family: tahoma, arial, helvetica, sans-serif;\"><strong>Hadi Dartomi <\/strong><strong>\u00a0:<\/strong> Der Welttag des Bewusstseins \u00fcber Autismus<\/span><\/a><\/p>\n<p style=\"text-align: justify;\"><a href=\"http:\/\/azadegy.de\/jalasehscandinavi15Apr2020\/5.mp3\"><span style=\"font-family: tahoma, arial, helvetica, sans-serif;\"><strong>Ehsan Rezaeinejad <\/strong><strong>\u00a0:<\/strong> Ursachen von \u00dcberschwemmungen in den westlichen Provinzen und dar\u00fcber hinaus<\/span><\/a><\/p>\n<p style=\"text-align: justify;\"><a href=\"http:\/\/azadegy.de\/jalasehscandinavi15Apr2020\/bahseazad.mp3\"><span style=\"font-family: tahoma, arial, helvetica, sans-serif;\"><strong>Die \u00f6ffentliche Diskussion<\/strong>(Unter der Leitung von Herrn Rasoul Abbasi Zamanabadi)<strong>:<\/strong> Die Arbeitssicherheit und die Arbeitsplatzsicherheit<\/span><\/a><\/p>\n<p style=\"text-align: justify;\"><span style=\"font-family: tahoma, arial, helvetica, sans-serif;\"><strong>Vereinigung zur Verteidigung der Menschenrechte im Iran e.V.<\/strong><\/span><\/p>\n<p style=\"text-align: justify;\"><span style=\"font-family: tahoma, arial, helvetica, sans-serif;\"><strong>\u00a0<\/strong><\/span><span style=\"font-family: tahoma, arial, helvetica, sans-serif;\"><strong>Repr\u00e4sentation von Skandinavien<\/strong><\/span><\/p>\n<p style=\"text-align: justify;\"><span style=\"font-family: tahoma, arial, helvetica, sans-serif;\"><strong>\u00a0<\/strong><\/span><span style=\"font-family: tahoma, arial, helvetica, sans-serif;\">Der \u00dcbersetzer: Mohammadhasan Hasanzadehmehrabadi<\/span><\/p>\n<p style=\"text-align: justify;\">\n","protected":false},"excerpt":{"rendered":"<p>Eine Sitzung von Skandinavischer Repr\u00e4sentation fand am 19. April 2020 um 20:00 Uhr mitteleurop\u00e4ischer Zeit in Anwesenheit von Mitgliedern und einer Gruppe von Menschenrechtsaktivisten und anderen G\u00e4sten im Paltak Cyberspace statt. In dieser Sitzung wurden die folgenden Themen er\u00f6rtert. Interessenten k\u00f6nnen den Audiobericht dieses Meetings aus den folgenden Audiodateien anh\u00f6ren :<\/p><p><a class=\"more-link btn\" href=\"https:\/\/deutsch.bashariyat.org\/?p=2994\">Weiterlesen<\/a><\/p>\n","protected":false},"author":2,"featured_media":0,"comment_status":"closed","ping_status":"closed","sticky":false,"template":"","format":"standard","meta":{"footnotes":""},"categories":[1],"tags":[],"class_list":["post-2994","post","type-post","status-publish","format-standard","hentry","category-allgemein","item-wrap"],"_links":{"self":[{"href":"https:\/\/deutsch.bashariyat.org\/index.php?rest_route=\/wp\/v2\/posts\/2994","targetHints":{"allow":["GET"]}}],"collection":[{"href":"https:\/\/deutsch.bashariyat.org\/index.php?rest_route=\/wp\/v2\/posts"}],"about":[{"href":"https:\/\/deutsch.bashariyat.org\/index.php?rest_route=\/wp\/v2\/types\/post"}],"author":[{"embeddable":true,"href":"https:\/\/deutsch.bashariyat.org\/index.php?rest_route=\/wp\/v2\/users\/2"}],"replies":[{"embeddable":true,"href":"https:\/\/deutsch.bashariyat.org\/index.php?rest_route=%2Fwp%2Fv2%2Fcomments&post=2994"}],"version-history":[{"count":2,"href":"https:\/\/deutsch.bashariyat.org\/index.php?rest_route=\/wp\/v2\/posts\/2994\/revisions"}],"predecessor-version":[{"id":2997,"href":"https:\/\/deutsch.bashariyat.org\/index.php?rest_route=\/wp\/v2\/posts\/2994\/revisions\/2997"}],"wp:attachment":[{"href":"https:\/\/deutsch.bashariyat.org\/index.php?rest_route=%2Fwp%2Fv2%2Fmedia&parent=2994"}],"wp:term":[{"taxonomy":"category","embeddable":true,"href":"https:\/\/deutsch.bashariyat.org\/index.php?rest_route=%2Fwp%2Fv2%2Fcategories&post=2994"},{"taxonomy":"post_tag","embeddable":true,"href":"https:\/\/deutsch.bashariyat.org\/index.php?rest_route=%2Fwp%2Fv2%2Ftags&post=2994"}],"curies":[{"name":"wp","href":"https:\/\/api.w.org\/{rel}","templated":true}]}}