{"id":3032,"date":"2020-05-09T21:18:57","date_gmt":"2020-05-09T19:18:57","guid":{"rendered":"http:\/\/deutsch.bashariyat.org\/?p=3032"},"modified":"2020-06-03T18:52:39","modified_gmt":"2020-06-03T16:52:39","slug":"audio-sitzungsbericht-der-respraesentation-von-baden-wuerttemberg-am-24-apr-2020","status":"publish","type":"post","link":"https:\/\/deutsch.bashariyat.org\/?p=3032","title":{"rendered":"Audio-Sitzungsbericht der Respr\u00e4sentation von  \u00a0Baden-W\u00fcrttemberg am 24.Apr 2020"},"content":{"rendered":"<p style=\"text-align: justify;\"><span style=\"font-family: tahoma, arial, helvetica, sans-serif;\"><img loading=\"lazy\" decoding=\"async\" class=\"aligncenter\" src=\"http:\/\/seda-tasvir.bashariyat.org\/wp-content\/uploads\/2020\/05\/photo_2020-05-04_13-08-48.jpg\" width=\"551\" height=\"138\" \/><\/span><\/p>\n<p style=\"text-align: justify;\"><span style=\"font-family: tahoma, arial, helvetica, sans-serif;\"><strong>\u00a0<\/strong>Unsere monatliche Sitzung wurde am 24.Apr.2020 um 14 Uhr MEZ \u00a0mit einigen Mitglieder-, Bewohner- und unserem Paltalk Mitarbeitern, Online in Paltalk stattgefunden.<\/span><br \/>\n<span style=\"font-family: tahoma, arial, helvetica, sans-serif;\">In dieser Sitzung ist es \u00fcber folgenden Punkte Diskutiert, welche Sie unter, untenstehende Anordnungen zuh\u00f6ren k\u00f6nnen:<\/span><\/p>\n<p style=\"text-align: justify;\"><span style=\"font-family: tahoma, arial, helvetica, sans-serif;\">Audio-Sitzungsbericht der Respr\u00e4sentation von Baden-W\u00fcrttemberg \u00a0am 24.Apr.2020<\/span><!--more--><\/p>\n<p style=\"text-align: justify;\"><a href=\"http:\/\/azadegy.de\/jalasehbadenwotenberg24apr2020\/OmidShirmohammadi.mp3\"><span style=\"font-family: tahoma, arial, helvetica, sans-serif;\"><strong>Omid Shirmohammadi: <\/strong>\u00dcberpr\u00fcfung des Artikels 25 der Allgemeinen Erkl\u00e4rung der Menschenrechte Und dessen Vergleich mit der Verfassung der Islamischen Republik Iran<\/span><\/a><\/p>\n<p style=\"text-align: justify;\"><a href=\"http:\/\/azadegy.de\/jalasehbadenwotenberg24apr2020\/MehrabZarei.mp3\"><span style=\"font-family: tahoma, arial, helvetica, sans-serif;\"><strong>Mehrab Zarei: <\/strong>Bericht und Analyse der Menschenrechteverletzungen im April<\/span><\/a><\/p>\n<p style=\"text-align: justify;\"><a href=\"http:\/\/azadegy.de\/jalasehbadenwotenberg24apr2020\/HashemRezaei.mp3\"><span style=\"font-family: tahoma, arial, helvetica, sans-serif;\"><strong>Hashem Rezaee:<\/strong> Autoren und die Presse<\/span><\/a><\/p>\n<p style=\"text-align: justify;\"><a href=\"http:\/\/azadegy.de\/jalasehbadenwotenberg24apr2020\/HamedGharibZadeh.mp3\"><span style=\"font-family: tahoma, arial, helvetica, sans-serif;\"><strong>Hamed Gharibzadeh: <\/strong>Krankenpflege im Iran<\/span><\/a><\/p>\n<p style=\"text-align: justify;\"><a href=\"http:\/\/azadegy.de\/jalasehbadenwotenberg24apr2020\/BahseAzad.mp3\"><span style=\"font-family: tahoma, arial, helvetica, sans-serif;\"><strong>Die \u00f6ffentliche Diskussion:<\/strong> <strong>Gefangene und die Corona-Krise<\/strong><\/span><\/a><\/p>\n<p style=\"text-align: justify;\"><span style=\"font-family: tahoma, arial, helvetica, sans-serif;\"><strong>\u00a0<\/strong><\/span><\/p>\n<p style=\"text-align: justify;\"><span style=\"font-family: tahoma, arial, helvetica, sans-serif;\"><strong>Vereinigung zur Verteidigung der Menschenrechte im Iran e.V.<\/strong><\/span><\/p>\n<p style=\"text-align: justify;\"><span style=\"font-family: tahoma, arial, helvetica, sans-serif;\"><strong>Repr\u00e4sentation von Baden-W\u00fcrttemberg \u00a0<\/strong><\/span><\/p>\n<p style=\"text-align: justify;\"><span style=\"font-family: tahoma, arial, helvetica, sans-serif;\"><strong>\u00a0<\/strong><\/span><\/p>\n<p style=\"text-align: justify;\"><span style=\"font-family: tahoma, arial, helvetica, sans-serif;\">Der \u00dcbersetzerin:Samane Mohebi<\/span><\/p>\n","protected":false},"excerpt":{"rendered":"<p>\u00a0Unsere monatliche Sitzung wurde am 24.Apr.2020 um 14 Uhr MEZ \u00a0mit einigen Mitglieder-, Bewohner- und unserem Paltalk Mitarbeitern, Online in Paltalk stattgefunden. In dieser Sitzung ist es \u00fcber folgenden Punkte Diskutiert, welche Sie unter, untenstehende Anordnungen zuh\u00f6ren k\u00f6nnen: Audio-Sitzungsbericht der Respr\u00e4sentation von Baden-W\u00fcrttemberg \u00a0am 24.Apr.2020<\/p><p><a class=\"more-link btn\" href=\"https:\/\/deutsch.bashariyat.org\/?p=3032\">Weiterlesen<\/a><\/p>\n","protected":false},"author":2,"featured_media":0,"comment_status":"closed","ping_status":"closed","sticky":false,"template":"","format":"standard","meta":{"footnotes":""},"categories":[10],"tags":[20],"class_list":["post-3032","post","type-post","status-publish","format-standard","hentry","category-rueckruf","tag-hashem-rezaee","item-wrap"],"_links":{"self":[{"href":"https:\/\/deutsch.bashariyat.org\/index.php?rest_route=\/wp\/v2\/posts\/3032","targetHints":{"allow":["GET"]}}],"collection":[{"href":"https:\/\/deutsch.bashariyat.org\/index.php?rest_route=\/wp\/v2\/posts"}],"about":[{"href":"https:\/\/deutsch.bashariyat.org\/index.php?rest_route=\/wp\/v2\/types\/post"}],"author":[{"embeddable":true,"href":"https:\/\/deutsch.bashariyat.org\/index.php?rest_route=\/wp\/v2\/users\/2"}],"replies":[{"embeddable":true,"href":"https:\/\/deutsch.bashariyat.org\/index.php?rest_route=%2Fwp%2Fv2%2Fcomments&post=3032"}],"version-history":[{"count":2,"href":"https:\/\/deutsch.bashariyat.org\/index.php?rest_route=\/wp\/v2\/posts\/3032\/revisions"}],"predecessor-version":[{"id":3172,"href":"https:\/\/deutsch.bashariyat.org\/index.php?rest_route=\/wp\/v2\/posts\/3032\/revisions\/3172"}],"wp:attachment":[{"href":"https:\/\/deutsch.bashariyat.org\/index.php?rest_route=%2Fwp%2Fv2%2Fmedia&parent=3032"}],"wp:term":[{"taxonomy":"category","embeddable":true,"href":"https:\/\/deutsch.bashariyat.org\/index.php?rest_route=%2Fwp%2Fv2%2Fcategories&post=3032"},{"taxonomy":"post_tag","embeddable":true,"href":"https:\/\/deutsch.bashariyat.org\/index.php?rest_route=%2Fwp%2Fv2%2Ftags&post=3032"}],"curies":[{"name":"wp","href":"https:\/\/api.w.org\/{rel}","templated":true}]}}