{"id":3063,"date":"2020-05-13T21:47:52","date_gmt":"2020-05-13T19:47:52","guid":{"rendered":"http:\/\/deutsch.bashariyat.org\/?p=3063"},"modified":"2020-05-13T21:47:52","modified_gmt":"2020-05-13T19:47:52","slug":"audio-bericht-ueber-die-online-sitzung-des-forschungsausschusses-am-05-mai-2020","status":"publish","type":"post","link":"https:\/\/deutsch.bashariyat.org\/?p=3063","title":{"rendered":"Audio-Bericht \u00fcber die Online-Sitzung des Forschungsausschusses am 05. Mai.2020"},"content":{"rendered":"<p style=\"text-align: justify;\"><img loading=\"lazy\" decoding=\"async\" class=\"aligncenter\" src=\"http:\/\/seda-tasvir.bashariyat.org\/wp-content\/uploads\/2020\/05\/photo_2020-05-10_21-05-25.jpg\" width=\"550\" height=\"168\" \/><\/p>\n<p style=\"text-align: justify;\">(zur L\u00f6sung des Problems des Coronavirus In der Quarant\u00e4nezeit und bleiben zu Hause)<\/p>\n<p style=\"text-align: justify;\">\n<p style=\"text-align: justify;\">Um das Coronavirus-Problem w\u00e4hrend der Quarant\u00e4ne zu l\u00f6sen und zu Hause zu bleiben, hat das Forschungskomitee des Menschenrechtsverteidigers am 05.Mai.2020 um 15:00 Uhr eine Sondersitzung zum Thema \u201eDas Kind und Kinderrechte im Iran\u201c ausgetragen. Herr Hashem Rezaei war f\u00fcr die Abhaltung der Sitzung verantwortlich, und Herr Manouchehr Shafaei war der Gast der Sitzung. Die Herren Abolfazl Parvizi und Reza Abbasi Zamanabadi waren f\u00fcr den Administrator der Online-Sitzung verantwortlich, und Hashem Rezaee war f\u00fcr die Aufnahme und Bearbeitung des Audios verantwortlich. Interessenten k\u00f6nnen den Bericht der oben genannten Online-Sitzung aus den folgenden Dateien anh\u00f6ren:<\/p>\n<p style=\"text-align: justify;\"><a href=\"http:\/\/azadegy.de\/jalasehpajoheshcorona5may2020\/aghazjalasehashemrezaee.mp3\"><strong>Hashem Rezaee : Beginn der Sitzung und Einf\u00fchrung des Redners<\/strong><\/a><\/p>\n<p style=\"text-align: justify;\"><a href=\"http:\/\/azadegy.de\/jalasehpajoheshcorona5may2020\/ManoochehrShafaeipajohesh.mp3\"><strong>Manouchehr Shafaei: Kind und Kinderrechte im Iran<\/strong><\/a><\/p>\n<p style=\"text-align: justify;\"><strong>Der \u00dcbersetzer: Mohammadhasan Hasanzadehmehrabadi<\/strong><\/p>\n<p style=\"text-align: justify;\">\n","protected":false},"excerpt":{"rendered":"<p>(zur L\u00f6sung des Problems des Coronavirus In der Quarant\u00e4nezeit und bleiben zu Hause) Um das Coronavirus-Problem w\u00e4hrend der Quarant\u00e4ne zu l\u00f6sen und zu Hause zu bleiben, hat das Forschungskomitee des Menschenrechtsverteidigers am 05.Mai.2020 um 15:00 Uhr eine Sondersitzung zum Thema \u201eDas Kind und Kinderrechte im Iran\u201c ausgetragen. Herr Hashem Rezaei war f\u00fcr die Abhaltung der &hellip; <\/p>\n<p><a class=\"more-link btn\" href=\"https:\/\/deutsch.bashariyat.org\/?p=3063\">Weiterlesen<\/a><\/p>\n","protected":false},"author":2,"featured_media":0,"comment_status":"closed","ping_status":"closed","sticky":false,"template":"","format":"standard","meta":{"footnotes":""},"categories":[1],"tags":[20,26],"class_list":["post-3063","post","type-post","status-publish","format-standard","hentry","category-allgemein","tag-hashem-rezaee","tag-manoochehr-shafaei","item-wrap"],"_links":{"self":[{"href":"https:\/\/deutsch.bashariyat.org\/index.php?rest_route=\/wp\/v2\/posts\/3063","targetHints":{"allow":["GET"]}}],"collection":[{"href":"https:\/\/deutsch.bashariyat.org\/index.php?rest_route=\/wp\/v2\/posts"}],"about":[{"href":"https:\/\/deutsch.bashariyat.org\/index.php?rest_route=\/wp\/v2\/types\/post"}],"author":[{"embeddable":true,"href":"https:\/\/deutsch.bashariyat.org\/index.php?rest_route=\/wp\/v2\/users\/2"}],"replies":[{"embeddable":true,"href":"https:\/\/deutsch.bashariyat.org\/index.php?rest_route=%2Fwp%2Fv2%2Fcomments&post=3063"}],"version-history":[{"count":1,"href":"https:\/\/deutsch.bashariyat.org\/index.php?rest_route=\/wp\/v2\/posts\/3063\/revisions"}],"predecessor-version":[{"id":3064,"href":"https:\/\/deutsch.bashariyat.org\/index.php?rest_route=\/wp\/v2\/posts\/3063\/revisions\/3064"}],"wp:attachment":[{"href":"https:\/\/deutsch.bashariyat.org\/index.php?rest_route=%2Fwp%2Fv2%2Fmedia&parent=3063"}],"wp:term":[{"taxonomy":"category","embeddable":true,"href":"https:\/\/deutsch.bashariyat.org\/index.php?rest_route=%2Fwp%2Fv2%2Fcategories&post=3063"},{"taxonomy":"post_tag","embeddable":true,"href":"https:\/\/deutsch.bashariyat.org\/index.php?rest_route=%2Fwp%2Fv2%2Ftags&post=3063"}],"curies":[{"name":"wp","href":"https:\/\/api.w.org\/{rel}","templated":true}]}}