{"id":3161,"date":"2020-05-10T14:56:50","date_gmt":"2020-05-10T12:56:50","guid":{"rendered":"http:\/\/deutsch.bashariyat.org\/?p=3161"},"modified":"2020-06-02T14:57:29","modified_gmt":"2020-06-02T12:57:29","slug":"einladung-zur-sitzung-repraesentation-von-bremen-am-16-mai-2020","status":"publish","type":"post","link":"https:\/\/deutsch.bashariyat.org\/?p=3161","title":{"rendered":"Einladung zur Sitzung Repr\u00e4sentation von Bremen am 16.Mai.2020"},"content":{"rendered":"<p style=\"text-align: center;\"><span style=\"font-size: 14pt;\">Vortrag, Fragen und Antworten, Diskussionen und Unterhalten<\/span><\/p>\n<p style=\"text-align: center;\">\n<p style=\"text-align: center;\"><span style=\"font-size: 14pt; color: #ff0000;\"><strong>Referenten und das Thema der Vortr\u00e4ge:<\/strong><\/span><\/p>\n<p style=\"text-align: center;\"><strong>\u00a0<\/strong><!--more--><\/p>\n<p>Atefeh Khajehnasiri Yazdi:<\/p>\n<p><strong>Artikel 2 \u00dcberpr\u00fcfung der Allgemeinen Erkl\u00e4rung der Menschenrechte Und vergleichen ihn mit der Verfassung der Islamischen Republik Iran<\/strong><\/p>\n<p>&nbsp;<\/p>\n<p>Ahmad Reza Irannejat kloalia:<\/p>\n<p><strong>Bericht und Analyse der Menschenrechteverletzungen im April 2020<\/strong><\/p>\n<p><strong>\u00a0<\/strong><\/p>\n<p>Reza Chehrazi:<\/p>\n<p><strong>\u00a0Abh\u00e4ngigkeit von Medien und der nationaler Entwickelung<\/strong><\/p>\n<p>&nbsp;<\/p>\n<p>Taher Toraghie:<\/p>\n<p><strong>Jahrhunderten stillschweigen und Diskriminierung\u00a0 <\/strong><\/p>\n<p>&nbsp;<\/p>\n<p>Am Ende jedes Abschnitts finden Fragen und Antworten statt.<\/p>\n<p>&nbsp;<\/p>\n<p><strong>Die \u00f6ffentliche Diskussion:<\/strong><\/p>\n<p><strong>Frauenrechte in Gesellschaft<\/strong><\/p>\n<p><strong>\u00a0<\/strong><\/p>\n<p><strong>Zeit: <\/strong>16.Mai.2020, um 17:00 Uhr MEZ<\/p>\n<p><strong>Veranstaltungsort<\/strong><strong>:<\/strong> Paltalk Civic, Workplace von Bremen<\/p>\n<p>Paltalk; View all<\/p>\n<p>Social Issues and Politics<\/p>\n<p>Human Rights<\/p>\n<p>Kanoon Defa az Hoghogh Bashar dar Iran, Bremen<\/p>\n<p>&nbsp;<\/p>\n<p>Unsere Kollegen und Aktivisten, die uns bei diesem Treffen helfen:<\/p>\n<p><strong>Verantwortlich f\u00fcr die Sitzung: <\/strong>Hamed Parnoush<\/p>\n<p><strong>Sekret\u00e4r der Sitzung:<\/strong> Ahmad Reza Irannejad<\/p>\n<p><strong>Admins: <\/strong>Reza Chahrazi, Ali Javid, Hamed Parnoush<\/p>\n<p><strong>Tonaufnahme: <\/strong>Atefeh Khajehnasiri Yazdi<\/p>\n<p>&nbsp;<\/p>\n<p><strong>Vereinigung zur Verteidigung der Menschenrechte im Iran<\/strong><\/p>\n<h1><strong>Repr\u00e4sentation von Bremen<\/strong><\/h1>\n","protected":false},"excerpt":{"rendered":"<p>Vortrag, Fragen und Antworten, Diskussionen und Unterhalten Referenten und das Thema der Vortr\u00e4ge: \u00a0<\/p><p><a class=\"more-link btn\" href=\"https:\/\/deutsch.bashariyat.org\/?p=3161\">Weiterlesen<\/a><\/p>\n","protected":false},"author":2,"featured_media":0,"comment_status":"closed","ping_status":"closed","sticky":false,"template":"","format":"standard","meta":{"footnotes":""},"categories":[1],"tags":[],"class_list":["post-3161","post","type-post","status-publish","format-standard","hentry","category-allgemein","item-wrap"],"_links":{"self":[{"href":"https:\/\/deutsch.bashariyat.org\/index.php?rest_route=\/wp\/v2\/posts\/3161","targetHints":{"allow":["GET"]}}],"collection":[{"href":"https:\/\/deutsch.bashariyat.org\/index.php?rest_route=\/wp\/v2\/posts"}],"about":[{"href":"https:\/\/deutsch.bashariyat.org\/index.php?rest_route=\/wp\/v2\/types\/post"}],"author":[{"embeddable":true,"href":"https:\/\/deutsch.bashariyat.org\/index.php?rest_route=\/wp\/v2\/users\/2"}],"replies":[{"embeddable":true,"href":"https:\/\/deutsch.bashariyat.org\/index.php?rest_route=%2Fwp%2Fv2%2Fcomments&post=3161"}],"version-history":[{"count":1,"href":"https:\/\/deutsch.bashariyat.org\/index.php?rest_route=\/wp\/v2\/posts\/3161\/revisions"}],"predecessor-version":[{"id":3162,"href":"https:\/\/deutsch.bashariyat.org\/index.php?rest_route=\/wp\/v2\/posts\/3161\/revisions\/3162"}],"wp:attachment":[{"href":"https:\/\/deutsch.bashariyat.org\/index.php?rest_route=%2Fwp%2Fv2%2Fmedia&parent=3161"}],"wp:term":[{"taxonomy":"category","embeddable":true,"href":"https:\/\/deutsch.bashariyat.org\/index.php?rest_route=%2Fwp%2Fv2%2Fcategories&post=3161"},{"taxonomy":"post_tag","embeddable":true,"href":"https:\/\/deutsch.bashariyat.org\/index.php?rest_route=%2Fwp%2Fv2%2Ftags&post=3161"}],"curies":[{"name":"wp","href":"https:\/\/api.w.org\/{rel}","templated":true}]}}