{"id":3283,"date":"2020-07-04T17:25:21","date_gmt":"2020-07-04T15:25:21","guid":{"rendered":"https:\/\/deutsch.bashariyat.org\/?p=3283"},"modified":"2020-07-04T17:25:21","modified_gmt":"2020-07-04T15:25:21","slug":"audio-sitzungsbericht-des-repraesentanz-von-sachsen-anhalt-und-verteidigungsausschuss-der-juengling-und-student-rechte-im-iran-am21-juni-2020","status":"publish","type":"post","link":"https:\/\/deutsch.bashariyat.org\/?p=3283","title":{"rendered":"Audio-Sitzungsbericht des Repr\u00e4sentanz von Sachsen Anhalt und Verteidigungsausschuss der J\u00fcngling und Student-Rechte im Iran am21.Juni.2020"},"content":{"rendered":"<p style=\"text-align: justify;\"><span style=\"font-family: tahoma, arial, helvetica, sans-serif;\">Die Sitzung aus Repr\u00e4sentanz von Sachsen Anhalt und Verteidigungsausschuss der J\u00fcngling und Student-Rechte im Iran fand am Samstag, am 21.Juni.2020 um 15:00Uhr MEZ mit der Delegation und eine Gruppe von Menschenrechtsaktivisten und andere G\u00e4ste auf dem Cyberspace Paltalk statt. Die Enthusiasten k\u00f6nnen das obige Treffen aus den aufgezeichneten Dateien unter der Anh\u00f6rung h\u00f6ren:<\/span><\/p>\n<p style=\"text-align: justify;\"><img decoding=\"async\" src=\"https:\/\/seda-tasvir.bashariyat.org\/wp-content\/uploads\/2020\/07\/photo_2020-07-02_00-30-05.jpg\" \/><\/p>\n<p style=\"text-align: justify;\"><span style=\"font-family: tahoma, arial, helvetica, sans-serif;\">Audio-Sitzungsbericht der Respr\u00e4sentation von Sachsen Anhalt und Verteidigungsausschuss der J\u00fcngling und Student-Rechte am 21.Juni.2020<\/span><!--more--><\/p>\n<p style=\"text-align: justify;\"><span style=\"font-family: tahoma, arial, helvetica, sans-serif;\"><strong>\u00a0<\/strong><\/span><\/p>\n<p style=\"text-align: justify;\"><a href=\"http:\/\/azadegy.de\/jalasehdaneshjoo&amp;sacsen21jun2020\/danaee.mp3\"><span style=\"font-family: tahoma, arial, helvetica, sans-serif;\"><strong>Iraj Danayetuos: <\/strong>Berichterstattung und Analyse von Jugend- und Studentenrechtsverletzungen im Juni2020<\/span><\/a><\/p>\n<p style=\"text-align: justify;\"><a href=\"http:\/\/azadegy.de\/jalasehdaneshjoo&amp;sacsen21jun2020\/mosayebi.mp3\"><span style=\"font-family: tahoma, arial, helvetica, sans-serif;\"><strong>Ali Mosayebi: <\/strong>\u00dcberpr\u00fcfung des achten Ziels des UNESCO-Dokuments 2030 und vergleichen ihn mit der Verfassung der Islamischen Republik Iran<\/span><\/a><\/p>\n<p style=\"text-align: justify;\"><a href=\"http:\/\/azadegy.de\/jalasehdaneshjoo&amp;sacsen21jun2020\/khossirat.mp3\"><span style=\"font-family: tahoma, arial, helvetica, sans-serif;\"><strong>Mohammadali Khoshsirat: <\/strong>Hindernisse und Schwierigkeiten beim Aufbau der Demokratie im Iran<\/span><\/a><\/p>\n<p style=\"text-align: justify;\"><a href=\"http:\/\/azadegy.de\/jalasehdaneshjoo&amp;sacsen21jun2020\/alazem.mp3\"><span style=\"font-family: tahoma, arial, helvetica, sans-serif;\"><strong>Mustafa Molazem<\/strong><strong>: <\/strong>Menschenrechte im Iran von Wort zu Tat<\/span><\/a><\/p>\n<p style=\"text-align: justify;\">\n<p style=\"text-align: justify;\"><span style=\"font-family: tahoma, arial, helvetica, sans-serif;\">Am Ende jedes Abschnitts finden Fragen und Antworten statt.<\/span><\/p>\n<p style=\"text-align: justify;\"><a href=\"http:\/\/azadegy.de\/jalasehdaneshjoo&amp;sacsen21jun2020\/bahseazad.mp3\"><span style=\"font-family: tahoma, arial, helvetica, sans-serif;\"><strong>Die \u00f6ffentliche Diskussion: Jugendarbeitssicherheit<\/strong><\/span><\/a><\/p>\n<p style=\"text-align: justify;\"><span style=\"font-family: tahoma, arial, helvetica, sans-serif;\"><strong>Vereinigung zur Verteidigung der Menschenrechte im Iran e.V.<\/strong><\/span><\/p>\n<p style=\"text-align: justify;\"><span style=\"font-family: tahoma, arial, helvetica, sans-serif;\"><strong>\u00a0<\/strong><\/span><\/p>\n<p style=\"text-align: justify;\"><span style=\"font-family: tahoma, arial, helvetica, sans-serif;\"><strong>\u00a0<\/strong><\/span><\/p>\n","protected":false},"excerpt":{"rendered":"<p>Die Sitzung aus Repr\u00e4sentanz von Sachsen Anhalt und Verteidigungsausschuss der J\u00fcngling und Student-Rechte im Iran fand am Samstag, am 21.Juni.2020 um 15:00Uhr MEZ mit der Delegation und eine Gruppe von Menschenrechtsaktivisten und andere G\u00e4ste auf dem Cyberspace Paltalk statt. Die Enthusiasten k\u00f6nnen das obige Treffen aus den aufgezeichneten Dateien unter der Anh\u00f6rung h\u00f6ren: Audio-Sitzungsbericht der &hellip; <\/p>\n<p><a class=\"more-link btn\" href=\"https:\/\/deutsch.bashariyat.org\/?p=3283\">Weiterlesen<\/a><\/p>\n","protected":false},"author":2,"featured_media":0,"comment_status":"closed","ping_status":"closed","sticky":false,"template":"","format":"standard","meta":{"footnotes":""},"categories":[10],"tags":[],"class_list":["post-3283","post","type-post","status-publish","format-standard","hentry","category-rueckruf","item-wrap"],"_links":{"self":[{"href":"https:\/\/deutsch.bashariyat.org\/index.php?rest_route=\/wp\/v2\/posts\/3283","targetHints":{"allow":["GET"]}}],"collection":[{"href":"https:\/\/deutsch.bashariyat.org\/index.php?rest_route=\/wp\/v2\/posts"}],"about":[{"href":"https:\/\/deutsch.bashariyat.org\/index.php?rest_route=\/wp\/v2\/types\/post"}],"author":[{"embeddable":true,"href":"https:\/\/deutsch.bashariyat.org\/index.php?rest_route=\/wp\/v2\/users\/2"}],"replies":[{"embeddable":true,"href":"https:\/\/deutsch.bashariyat.org\/index.php?rest_route=%2Fwp%2Fv2%2Fcomments&post=3283"}],"version-history":[{"count":1,"href":"https:\/\/deutsch.bashariyat.org\/index.php?rest_route=\/wp\/v2\/posts\/3283\/revisions"}],"predecessor-version":[{"id":3284,"href":"https:\/\/deutsch.bashariyat.org\/index.php?rest_route=\/wp\/v2\/posts\/3283\/revisions\/3284"}],"wp:attachment":[{"href":"https:\/\/deutsch.bashariyat.org\/index.php?rest_route=%2Fwp%2Fv2%2Fmedia&parent=3283"}],"wp:term":[{"taxonomy":"category","embeddable":true,"href":"https:\/\/deutsch.bashariyat.org\/index.php?rest_route=%2Fwp%2Fv2%2Fcategories&post=3283"},{"taxonomy":"post_tag","embeddable":true,"href":"https:\/\/deutsch.bashariyat.org\/index.php?rest_route=%2Fwp%2Fv2%2Ftags&post=3283"}],"curies":[{"name":"wp","href":"https:\/\/api.w.org\/{rel}","templated":true}]}}