{"id":3286,"date":"2020-07-04T17:28:18","date_gmt":"2020-07-04T15:28:18","guid":{"rendered":"https:\/\/deutsch.bashariyat.org\/?p=3286"},"modified":"2020-07-04T17:28:18","modified_gmt":"2020-07-04T15:28:18","slug":"audio-sitzungsbericht-der-respraesentation-von-baden-wuerttemberg-am-26-juni-2020","status":"publish","type":"post","link":"https:\/\/deutsch.bashariyat.org\/?p=3286","title":{"rendered":"Audio-Sitzungsbericht der Respr\u00e4sentation von  \u00a0Baden-W\u00fcrttemberg am 26.Juni.2020"},"content":{"rendered":"<p style=\"text-align: justify;\"><span style=\"font-family: tahoma, arial, helvetica, sans-serif;\">Unsere Monatlichsitzung wurde am 26.Juni.2020 in Anwesenheit von Mitgliedern und einer Gruppe von Menschenrechtsaktivisten um 14:00 Uhr Online in Paltalk stattgefunden.<\/span><br \/>\n<span style=\"font-family: tahoma, arial, helvetica, sans-serif;\">In dieser Sitzung werden die folgenden Themen behandelt, die Sie anh\u00f6ren k\u00f6nnen:<\/span><\/p>\n<p><img decoding=\"async\" src=\"https:\/\/seda-tasvir.bashariyat.org\/wp-content\/uploads\/2020\/07\/photo_2020-07-02_00-49-01.jpg\" \/><\/p>\n<p style=\"text-align: justify;\"><span style=\"font-family: tahoma, arial, helvetica, sans-serif;\">Audio-Sitzungsbericht der Respr\u00e4sentation von Baden-W\u00fcrttemberg \u00a0am 26.Juni.2020<\/span><!--more--><\/p>\n<p style=\"text-align: justify;\"><a href=\"http:\/\/azadegy.de\/alasehbadenwotenberg26jun2020\/salari.mp3\"><span style=\"font-family: tahoma, arial, helvetica, sans-serif;\"><strong>\u00a0<\/strong><\/span><span style=\"font-family: tahoma, arial, helvetica, sans-serif;\"><strong>Hossein Salari<\/strong><strong>:<\/strong> Bericht und Analyse von Menschenrechteverletzungen im Juni 2020<\/span><\/a><\/p>\n<p>&nbsp;<\/p>\n<p style=\"text-align: justify;\"><a href=\"http:\/\/azadegy.de\/alasehbadenwotenberg26jun2020\/rezaee.mp3\"><span style=\"font-family: tahoma, arial, helvetica, sans-serif;\"><strong>Hashem Rezaee: <\/strong>Vergleich der Allgemeinen Erkl\u00e4rung der Menschenrechte mit der Erkl\u00e4rung der islamischen Menschenrechte(Teil ll)<\/span><\/a><\/p>\n<p style=\"text-align: justify;\"><span style=\"font-family: tahoma, arial, helvetica, sans-serif;\"><strong>\u00a0<\/strong><\/span><\/p>\n<p style=\"text-align: justify;\"><a href=\"http:\/\/azadegy.de\/alasehbadenwotenberg26jun2020\/dehghani.mp3\"><span style=\"font-family: tahoma, arial, helvetica, sans-serif;\"><strong>Ali Dehghani:<\/strong> Das Recht auf freie Meinungs\u00e4u\u00dferung und Zensur im Iran<\/span><\/a><\/p>\n<p>&nbsp;<\/p>\n<p style=\"text-align: justify;\"><a href=\"http:\/\/azadegy.de\/alasehbadenwotenberg26jun2020\/jabari.mp3\"><span style=\"font-family: tahoma, arial, helvetica, sans-serif;\"><strong>Sam Jabari Kermani: <\/strong>Vergewaltigung von Kindern im Iran<\/span><\/a><\/p>\n<p style=\"text-align: justify;\">\n<p style=\"text-align: justify;\"><a href=\"http:\/\/azadegy.de\/alasehbadenwotenberg26jun2020\/bahseazad.mp3\"><span style=\"font-family: tahoma, arial, helvetica, sans-serif;\"><strong>Die \u00f6ffentliche Diskussion:<\/strong> <strong>Das Recht auf ein Gerichtsverfahren f\u00fcr alle<\/strong><\/span><\/a><\/p>\n<p style=\"text-align: justify;\"><span style=\"font-family: tahoma, arial, helvetica, sans-serif;\"><strong>Vereinigung zur Verteidigung der Menschenrechte im Iran e.V.<\/strong><\/span><\/p>\n<p style=\"text-align: justify;\"><span style=\"font-family: tahoma, arial, helvetica, sans-serif;\"><strong>Repr\u00e4sentation von Baden-W\u00fcrttemberg \u00a0<\/strong><\/span><\/p>\n<p style=\"text-align: justify;\"><span style=\"font-family: tahoma, arial, helvetica, sans-serif;\"><strong>\u00a0<\/strong><\/span><\/p>\n<p style=\"text-align: justify;\">\n","protected":false},"excerpt":{"rendered":"<p>Unsere Monatlichsitzung wurde am 26.Juni.2020 in Anwesenheit von Mitgliedern und einer Gruppe von Menschenrechtsaktivisten um 14:00 Uhr Online in Paltalk stattgefunden. In dieser Sitzung werden die folgenden Themen behandelt, die Sie anh\u00f6ren k\u00f6nnen: Audio-Sitzungsbericht der Respr\u00e4sentation von Baden-W\u00fcrttemberg \u00a0am 26.Juni.2020<\/p><p><a class=\"more-link btn\" href=\"https:\/\/deutsch.bashariyat.org\/?p=3286\">Weiterlesen<\/a><\/p>\n","protected":false},"author":2,"featured_media":0,"comment_status":"closed","ping_status":"closed","sticky":false,"template":"","format":"standard","meta":{"footnotes":""},"categories":[11],"tags":[],"class_list":["post-3286","post","type-post","status-publish","format-standard","hentry","category-sitzungsberichte","item-wrap"],"_links":{"self":[{"href":"https:\/\/deutsch.bashariyat.org\/index.php?rest_route=\/wp\/v2\/posts\/3286","targetHints":{"allow":["GET"]}}],"collection":[{"href":"https:\/\/deutsch.bashariyat.org\/index.php?rest_route=\/wp\/v2\/posts"}],"about":[{"href":"https:\/\/deutsch.bashariyat.org\/index.php?rest_route=\/wp\/v2\/types\/post"}],"author":[{"embeddable":true,"href":"https:\/\/deutsch.bashariyat.org\/index.php?rest_route=\/wp\/v2\/users\/2"}],"replies":[{"embeddable":true,"href":"https:\/\/deutsch.bashariyat.org\/index.php?rest_route=%2Fwp%2Fv2%2Fcomments&post=3286"}],"version-history":[{"count":1,"href":"https:\/\/deutsch.bashariyat.org\/index.php?rest_route=\/wp\/v2\/posts\/3286\/revisions"}],"predecessor-version":[{"id":3287,"href":"https:\/\/deutsch.bashariyat.org\/index.php?rest_route=\/wp\/v2\/posts\/3286\/revisions\/3287"}],"wp:attachment":[{"href":"https:\/\/deutsch.bashariyat.org\/index.php?rest_route=%2Fwp%2Fv2%2Fmedia&parent=3286"}],"wp:term":[{"taxonomy":"category","embeddable":true,"href":"https:\/\/deutsch.bashariyat.org\/index.php?rest_route=%2Fwp%2Fv2%2Fcategories&post=3286"},{"taxonomy":"post_tag","embeddable":true,"href":"https:\/\/deutsch.bashariyat.org\/index.php?rest_route=%2Fwp%2Fv2%2Ftags&post=3286"}],"curies":[{"name":"wp","href":"https:\/\/api.w.org\/{rel}","templated":true}]}}