{"id":3292,"date":"2020-06-20T17:37:11","date_gmt":"2020-06-20T15:37:11","guid":{"rendered":"https:\/\/deutsch.bashariyat.org\/?p=3292"},"modified":"2020-07-04T17:40:27","modified_gmt":"2020-07-04T15:40:27","slug":"audio-sitzungsbericht-des-arbeit-und-arbeitnehmer-verteidigungausschuss-am-06-juni-2020","status":"publish","type":"post","link":"https:\/\/deutsch.bashariyat.org\/?p=3292","title":{"rendered":"Audio-Sitzungsbericht des Arbeit und Arbeitnehmer Verteidigungausschuss am 06.Juni.2020"},"content":{"rendered":"<p style=\"text-align: justify;\"><span style=\"font-family: tahoma, arial, helvetica, sans-serif;\"><strong>Die Sitzung der Mitglieder der <\/strong>Nieders\u00e4chsischen Repr\u00e4sentation <strong>fand am 06.Juni.2020 um 16:00 Uhr mitteleurop\u00e4ischer Zeit in Anwesenheit von Mitgliedern des t\u00fcrkischen Kunst- und Repr\u00e4sentationsausschusses und einer Gruppe von Menschenrechtsaktivisten und anderen G\u00e4sten im Paltak app statt.<\/strong><\/span><\/p>\n<p style=\"text-align: justify;\"><span style=\"font-family: tahoma, arial, helvetica, sans-serif;\"><strong> <img loading=\"lazy\" decoding=\"async\" class=\"\" src=\"https:\/\/seda-tasvir.bashariyat.org\/wp-content\/uploads\/2020\/06\/photo_2020-06-11_14-22-13.jpg\" width=\"635\" height=\"238\" \/><\/strong><\/span><\/p>\n<p style=\"text-align: justify;\"><span style=\"font-family: tahoma, arial, helvetica, sans-serif;\"><strong>In dieser Sitzung wurden die folgenden Themen er\u00f6rtert. Interessenten k\u00f6nnen den Audiobericht dieses Meetings aus den folgenden Audiodateien anh\u00f6ren :<\/strong><\/span><!--more--><\/p>\n<p style=\"text-align: justify;\"><a href=\"http:\/\/azadegy.de\/jalasehkargar6Jun2020\/seyedalirezaemami.mp3\"><span style=\"font-family: tahoma, arial, helvetica, sans-serif;\"><strong>\u00a0<\/strong><\/span><span style=\"font-family: tahoma, arial, helvetica, sans-serif;\">Seyed Alireza Emami :<\/span><\/a><\/p>\n<p style=\"text-align: justify;\"><span style=\"font-family: tahoma, arial, helvetica, sans-serif;\"><strong>Bericht und Analyse der Arbeits- Arbeitsnehmerrechteverletzungen im April\/Mai 2020<\/strong><\/span><\/p>\n<p style=\"text-align: justify;\"><span style=\"font-family: tahoma, arial, helvetica, sans-serif;\"><strong>\u00a0<\/strong><\/span><\/p>\n<p style=\"text-align: justify;\"><a href=\"http:\/\/azadegy.de\/jalasehkargar6Jun2020\/rasoulabbasizamanabadi.mp3\"><span style=\"font-family: tahoma, arial, helvetica, sans-serif;\">Rasoul Abasi Zamanabadi<strong> :<\/strong><\/span><\/a><\/p>\n<p style=\"text-align: justify;\"><span style=\"font-family: tahoma, arial, helvetica, sans-serif;\"><strong>Artikel 26 \u00dcberpr\u00fcfung der Allgemeinen Erkl\u00e4rung der Menschenrechte Und vergleichen ihn mit der Verfassung der Islamischen Republik Iran<\/strong><\/span><\/p>\n<p style=\"text-align: justify;\">\n<p style=\"text-align: justify;\"><a href=\"http:\/\/azadegy.de\/jalasehkargar6Jun2020\/royamolaebijarpasi.mp3\"><span style=\"font-family: tahoma, arial, helvetica, sans-serif;\">Roya Molahi Bijarpasi :<\/span><\/a><\/p>\n<p style=\"text-align: justify;\"><span style=\"font-family: tahoma, arial, helvetica, sans-serif;\"><strong>Arbeitskinder im Islamischen Republik Iran<\/strong><\/span><\/p>\n<p style=\"text-align: justify;\"><span style=\"font-family: tahoma, arial, helvetica, sans-serif;\"><strong>\u00a0<\/strong><\/span><\/p>\n<p style=\"text-align: justify;\"><a href=\"http:\/\/azadegy.de\/jalasehkargar6Jun2020\/jahangirgolzar.mp3\"><span style=\"font-family: tahoma, arial, helvetica, sans-serif;\">Jahangir Golzar:<\/span><\/a><\/p>\n<p style=\"text-align: justify;\"><span style=\"font-family: tahoma, arial, helvetica, sans-serif;\"><strong>Arbeits- und finanz Kriese und ausg\u00e4nge davon<\/strong><\/span><\/p>\n<p style=\"text-align: justify;\">\n<p style=\"text-align: justify;\"><a href=\"http:\/\/azadegy.de\/jalasehkargar6Jun2020\/mohammadabotalebi.mp3\"><span style=\"font-family: tahoma, arial, helvetica, sans-serif;\">Mohammad Abutalebi :<\/span><\/a><\/p>\n<p style=\"text-align: justify;\"><span style=\"font-family: tahoma, arial, helvetica, sans-serif;\">Zusammenhang von Arbeitnehmer und Corona Kriese<\/span><\/p>\n<p style=\"text-align: justify;\">\n<p style=\"text-align: justify;\"><span style=\"font-family: tahoma, arial, helvetica, sans-serif;\">Am Ende jedes Abschnitts finden Fragen und Antworten statt.<\/span><\/p>\n<p style=\"text-align: justify;\">\n<p style=\"text-align: justify;\"><span style=\"font-family: tahoma, arial, helvetica, sans-serif;\"><strong>Die \u00f6ffentliche Diskussion:<\/strong><\/span><\/p>\n<p style=\"text-align: justify;\"><a href=\"http:\/\/azadegy.de\/jalasehkargar6Jun2020\/bahsazad.mp3\"><span style=\"font-family: tahoma, arial, helvetica, sans-serif;\"><strong>Freie Auswahl auf Wohnort<\/strong><\/span><\/a><\/p>\n<p style=\"text-align: justify;\"><span style=\"font-family: tahoma, arial, helvetica, sans-serif;\"><strong>\u00a0<\/strong><\/span><\/p>\n<p style=\"text-align: justify;\"><span style=\"font-family: tahoma, arial, helvetica, sans-serif;\"><strong>Zeit: 06<\/strong>.Juni.2020,<strong> um 16:00 Uhr MEZ<\/strong><\/span><\/p>\n<p style=\"text-align: justify;\"><span style=\"font-family: tahoma, arial, helvetica, sans-serif;\"><strong>\u00a0<\/strong><\/span><\/p>\n","protected":false},"excerpt":{"rendered":"<p>Die Sitzung der Mitglieder der Nieders\u00e4chsischen Repr\u00e4sentation fand am 06.Juni.2020 um 16:00 Uhr mitteleurop\u00e4ischer Zeit in Anwesenheit von Mitgliedern des t\u00fcrkischen Kunst- und Repr\u00e4sentationsausschusses und einer Gruppe von Menschenrechtsaktivisten und anderen G\u00e4sten im Paltak app statt. In dieser Sitzung wurden die folgenden Themen er\u00f6rtert. Interessenten k\u00f6nnen den Audiobericht dieses Meetings aus den folgenden Audiodateien anh\u00f6ren &hellip; <\/p>\n<p><a class=\"more-link btn\" href=\"https:\/\/deutsch.bashariyat.org\/?p=3292\">Weiterlesen<\/a><\/p>\n","protected":false},"author":2,"featured_media":0,"comment_status":"closed","ping_status":"closed","sticky":false,"template":"","format":"standard","meta":{"footnotes":""},"categories":[11],"tags":[],"class_list":["post-3292","post","type-post","status-publish","format-standard","hentry","category-sitzungsberichte","item-wrap"],"_links":{"self":[{"href":"https:\/\/deutsch.bashariyat.org\/index.php?rest_route=\/wp\/v2\/posts\/3292","targetHints":{"allow":["GET"]}}],"collection":[{"href":"https:\/\/deutsch.bashariyat.org\/index.php?rest_route=\/wp\/v2\/posts"}],"about":[{"href":"https:\/\/deutsch.bashariyat.org\/index.php?rest_route=\/wp\/v2\/types\/post"}],"author":[{"embeddable":true,"href":"https:\/\/deutsch.bashariyat.org\/index.php?rest_route=\/wp\/v2\/users\/2"}],"replies":[{"embeddable":true,"href":"https:\/\/deutsch.bashariyat.org\/index.php?rest_route=%2Fwp%2Fv2%2Fcomments&post=3292"}],"version-history":[{"count":1,"href":"https:\/\/deutsch.bashariyat.org\/index.php?rest_route=\/wp\/v2\/posts\/3292\/revisions"}],"predecessor-version":[{"id":3293,"href":"https:\/\/deutsch.bashariyat.org\/index.php?rest_route=\/wp\/v2\/posts\/3292\/revisions\/3293"}],"wp:attachment":[{"href":"https:\/\/deutsch.bashariyat.org\/index.php?rest_route=%2Fwp%2Fv2%2Fmedia&parent=3292"}],"wp:term":[{"taxonomy":"category","embeddable":true,"href":"https:\/\/deutsch.bashariyat.org\/index.php?rest_route=%2Fwp%2Fv2%2Fcategories&post=3292"},{"taxonomy":"post_tag","embeddable":true,"href":"https:\/\/deutsch.bashariyat.org\/index.php?rest_route=%2Fwp%2Fv2%2Ftags&post=3292"}],"curies":[{"name":"wp","href":"https:\/\/api.w.org\/{rel}","templated":true}]}}