{"id":3297,"date":"2020-06-13T17:42:07","date_gmt":"2020-06-13T15:42:07","guid":{"rendered":"https:\/\/deutsch.bashariyat.org\/?p=3297"},"modified":"2020-07-04T17:43:04","modified_gmt":"2020-07-04T15:43:04","slug":"einladung-zur-sitzung-repraesentation-von-bremen-am-20-juni-2020","status":"publish","type":"post","link":"https:\/\/deutsch.bashariyat.org\/?p=3297","title":{"rendered":"Einladung zur Sitzung Repr\u00e4sentation von Bremen am 20.Juni.2020"},"content":{"rendered":"<p style=\"text-align: center;\"><span style=\"font-size: 14pt;\">Vortrag, Fragen und Antworten, Diskussionen und Unterhalten<\/span><\/p>\n<p style=\"text-align: center;\"><span style=\"font-size: 14pt; color: #ff0000;\"><strong>Referenten und das Thema der Vortr\u00e4ge:<\/strong><\/span><!--more--><\/p>\n<p><span style=\"font-size: 14pt;\"><strong>\u00a0<\/strong><\/span><\/p>\n<p><strong>Taher Toraghieh: Bericht und Analyse der Menschenrechteverletzungen im May\/Juni 2020<\/strong><\/p>\n<p><strong>\u00a0<\/strong><\/p>\n<p><strong>Hamed Parnoush: Artikel 5 \u00dcberpr\u00fcfung der Allgemeinen Erkl\u00e4rung der Menschenrechte Und vergleichen ihn mit der Verfassung der Islamischen Republik Iran<\/strong><\/p>\n<p><strong>\u00a0<\/strong><\/p>\n<p><strong>Ali Javid: Managementmodell im Islamischen Republik<\/strong><\/p>\n<p><strong>\u00a0<\/strong><\/p>\n<p><strong>Masoud Zolfaghari: Diskriminierung der Religionen<\/strong><\/p>\n<p><strong>\u00a0<\/strong><\/p>\n<p>Am Ende jedes Abschnitts finden Fragen und Antworten statt.<\/p>\n<p>&nbsp;<\/p>\n<p><strong>Die \u00f6ffentliche Diskussion:<\/strong><\/p>\n<p>Das Recht auf Versammlungs- und Vereinigungsfreiheit<\/p>\n<p>&nbsp;<\/p>\n<p><strong>Zeit:<\/strong> 20.Juni.2020, um 17:00 Uhr MEZ<\/p>\n<p><strong>Veranstaltungsort<\/strong><strong>:<\/strong> Paltalk Civic, Workplace von Bremen<\/p>\n<p>Paltalk; View all<\/p>\n<p>Social Issues and Politics<\/p>\n<p>Human Rights<\/p>\n<p>Kanoon Defa az Hoghogh Bashar dar Iran, Bremen<\/p>\n<p>&nbsp;<\/p>\n<p><strong>Unsere Kollegen und Aktivisten, die uns bei diesem Treffen helfen:<\/strong><\/p>\n<p><strong>\u00a0<\/strong><\/p>\n<p><strong>Verantwortlich f\u00fcr die Sitzung: <\/strong>Reza Chahrazi<\/p>\n<p><strong>Sekret\u00e4r der Sitzung: <\/strong>Hamed Parnoush<\/p>\n<p><strong>Admins: <\/strong>Reza Chahrazi, Ahmad Reza Irannejad, Hamed Parnoush<\/p>\n<p><strong>Tonaufnahme: <\/strong>Atefeh Khajenassiri<\/p>\n<p>&nbsp;<\/p>\n<p><strong>Vereinigung zur Verteidigung der Menschenrechte im Iran<\/strong><\/p>\n<h1><strong>Repr\u00e4sentation von Bremen<\/strong><\/h1>\n","protected":false},"excerpt":{"rendered":"<p>Vortrag, Fragen und Antworten, Diskussionen und Unterhalten Referenten und das Thema der Vortr\u00e4ge:<\/p><p><a class=\"more-link btn\" href=\"https:\/\/deutsch.bashariyat.org\/?p=3297\">Weiterlesen<\/a><\/p>\n","protected":false},"author":2,"featured_media":0,"comment_status":"closed","ping_status":"closed","sticky":false,"template":"","format":"standard","meta":{"footnotes":""},"categories":[1],"tags":[],"class_list":["post-3297","post","type-post","status-publish","format-standard","hentry","category-allgemein","item-wrap"],"_links":{"self":[{"href":"https:\/\/deutsch.bashariyat.org\/index.php?rest_route=\/wp\/v2\/posts\/3297","targetHints":{"allow":["GET"]}}],"collection":[{"href":"https:\/\/deutsch.bashariyat.org\/index.php?rest_route=\/wp\/v2\/posts"}],"about":[{"href":"https:\/\/deutsch.bashariyat.org\/index.php?rest_route=\/wp\/v2\/types\/post"}],"author":[{"embeddable":true,"href":"https:\/\/deutsch.bashariyat.org\/index.php?rest_route=\/wp\/v2\/users\/2"}],"replies":[{"embeddable":true,"href":"https:\/\/deutsch.bashariyat.org\/index.php?rest_route=%2Fwp%2Fv2%2Fcomments&post=3297"}],"version-history":[{"count":2,"href":"https:\/\/deutsch.bashariyat.org\/index.php?rest_route=\/wp\/v2\/posts\/3297\/revisions"}],"predecessor-version":[{"id":3299,"href":"https:\/\/deutsch.bashariyat.org\/index.php?rest_route=\/wp\/v2\/posts\/3297\/revisions\/3299"}],"wp:attachment":[{"href":"https:\/\/deutsch.bashariyat.org\/index.php?rest_route=%2Fwp%2Fv2%2Fmedia&parent=3297"}],"wp:term":[{"taxonomy":"category","embeddable":true,"href":"https:\/\/deutsch.bashariyat.org\/index.php?rest_route=%2Fwp%2Fv2%2Fcategories&post=3297"},{"taxonomy":"post_tag","embeddable":true,"href":"https:\/\/deutsch.bashariyat.org\/index.php?rest_route=%2Fwp%2Fv2%2Ftags&post=3297"}],"curies":[{"name":"wp","href":"https:\/\/api.w.org\/{rel}","templated":true}]}}