{"id":3305,"date":"2020-06-28T17:51:20","date_gmt":"2020-06-28T15:51:20","guid":{"rendered":"https:\/\/deutsch.bashariyat.org\/?p=3305"},"modified":"2020-07-04T17:52:33","modified_gmt":"2020-07-04T15:52:33","slug":"einladung-zur-sitzung-des-arbeitnehmers-und-arbeitsschutz-verteidigungsausschuss-04-july-2020","status":"publish","type":"post","link":"https:\/\/deutsch.bashariyat.org\/?p=3305","title":{"rendered":"Einladung zur Sitzung des Arbeitnehmers- und arbeitsschutz Verteidigungsausschuss 04.July.2020"},"content":{"rendered":"<p style=\"text-align: center;\"><span style=\"font-size: 18pt;\">Vortrag, Fragen und Antworten, Diskussionen und Unterhalten<\/span><\/p>\n<p style=\"text-align: center;\">\n<p style=\"text-align: center;\"><span style=\"font-size: 18pt; color: #ff0000;\"><strong>Referenten und das Thema der Vortr\u00e4ge:<\/strong><\/span><!--more--><\/p>\n<p style=\"text-align: center;\">\n<p>Roya Molai:<\/p>\n<p><strong>Bericht und Analyse der Arbeits- Arbeitsnehmerrechteverletzungen im June\/Mai 2020<\/strong><\/p>\n<p><strong>\u00a0<\/strong><\/p>\n<p>Davood Vahidi<strong>:<\/strong><\/p>\n<p><strong>Artikel 21 \u00dcberpr\u00fcfung der Allgemeinen Erkl\u00e4rung der Menschenrechte Und vergleichen ihn mit der Verfassung der Islamischen Republik Iran<\/strong><\/p>\n<p>&nbsp;<\/p>\n<p>Taher Khati dieselabadi:<\/p>\n<p><strong>Arbeit und Position der religi\u00f6sen Minderheiten<\/strong><\/p>\n<p><strong>\u00a0<\/strong><\/p>\n<p>Noori Sharifi:<\/p>\n<p><strong>Frauen und Arbeit im Iran<\/strong><\/p>\n<p>&nbsp;<\/p>\n<p>&nbsp;<\/p>\n<p>Am Ende jedes Abschnitts finden Fragen und Antworten statt.<\/p>\n<p>&nbsp;<\/p>\n<p><strong>Die \u00f6ffentliche Diskussion:<\/strong><\/p>\n<p><strong>Arbeitskr\u00e4fte mit Immigrationshintergrund im Iran\u00a0\u00a0 <\/strong><\/p>\n<p><strong>\u00a0<\/strong><\/p>\n<p><strong>Zeit: <\/strong>04.July.2020, um 16:00 Uhr MEZ<\/p>\n<p><strong>Veranstaltungsort<\/strong><strong>:<\/strong> Paltalk Civic, Workplace vom Arbeiterverteidigungsausschuss<\/p>\n<p>Paltalk; View all<\/p>\n<p>Social Issues and Politics<\/p>\n<p>Human Rights<\/p>\n<p>Kanoon Defa az Hoghogh Bashar dar Iran, Karegar<\/p>\n<p>&nbsp;<\/p>\n<p>Unsere Kollegen und Aktivisten, die uns bei diesem Treffen helfen:<\/p>\n<p><strong>Verantwortlich f\u00fcr die Sitzung: <\/strong>Shabnam Fathi<\/p>\n<p><strong>Sekret\u00e4r der Sitzung:<\/strong> Roya Molahi Bijarpas<\/p>\n<p><strong>Admins: <\/strong>Irandokht Kia, \u00a0Roya Molahi Bijarpas,Reza Abasi, Rasoul Abbasi<\/p>\n<p><strong>Tonaufnahme: <\/strong>Reza Abasi<strong>,<\/strong>Rasoul Abasi<\/p>\n<p>&nbsp;<\/p>\n","protected":false},"excerpt":{"rendered":"<p>Vortrag, Fragen und Antworten, Diskussionen und Unterhalten Referenten und das Thema der Vortr\u00e4ge:<\/p><p><a class=\"more-link btn\" href=\"https:\/\/deutsch.bashariyat.org\/?p=3305\">Weiterlesen<\/a><\/p>\n","protected":false},"author":2,"featured_media":0,"comment_status":"closed","ping_status":"closed","sticky":false,"template":"","format":"standard","meta":{"footnotes":""},"categories":[10],"tags":[],"class_list":["post-3305","post","type-post","status-publish","format-standard","hentry","category-rueckruf","item-wrap"],"_links":{"self":[{"href":"https:\/\/deutsch.bashariyat.org\/index.php?rest_route=\/wp\/v2\/posts\/3305","targetHints":{"allow":["GET"]}}],"collection":[{"href":"https:\/\/deutsch.bashariyat.org\/index.php?rest_route=\/wp\/v2\/posts"}],"about":[{"href":"https:\/\/deutsch.bashariyat.org\/index.php?rest_route=\/wp\/v2\/types\/post"}],"author":[{"embeddable":true,"href":"https:\/\/deutsch.bashariyat.org\/index.php?rest_route=\/wp\/v2\/users\/2"}],"replies":[{"embeddable":true,"href":"https:\/\/deutsch.bashariyat.org\/index.php?rest_route=%2Fwp%2Fv2%2Fcomments&post=3305"}],"version-history":[{"count":1,"href":"https:\/\/deutsch.bashariyat.org\/index.php?rest_route=\/wp\/v2\/posts\/3305\/revisions"}],"predecessor-version":[{"id":3306,"href":"https:\/\/deutsch.bashariyat.org\/index.php?rest_route=\/wp\/v2\/posts\/3305\/revisions\/3306"}],"wp:attachment":[{"href":"https:\/\/deutsch.bashariyat.org\/index.php?rest_route=%2Fwp%2Fv2%2Fmedia&parent=3305"}],"wp:term":[{"taxonomy":"category","embeddable":true,"href":"https:\/\/deutsch.bashariyat.org\/index.php?rest_route=%2Fwp%2Fv2%2Fcategories&post=3305"},{"taxonomy":"post_tag","embeddable":true,"href":"https:\/\/deutsch.bashariyat.org\/index.php?rest_route=%2Fwp%2Fv2%2Ftags&post=3305"}],"curies":[{"name":"wp","href":"https:\/\/api.w.org\/{rel}","templated":true}]}}