{"id":3328,"date":"2020-07-06T20:05:32","date_gmt":"2020-07-06T18:05:32","guid":{"rendered":"https:\/\/deutsch.bashariyat.org\/?p=3328"},"modified":"2020-07-13T20:10:50","modified_gmt":"2020-07-13T18:10:50","slug":"audio-bericht-der-schweiz-repraesentation-am-10-mai-2020","status":"publish","type":"post","link":"https:\/\/deutsch.bashariyat.org\/?p=3328","title":{"rendered":"Audio-Bericht der Schweiz Repr\u00e4sentation am 10.Mai.2020"},"content":{"rendered":"<p style=\"text-align: justify;\"><span style=\"font-family: tahoma, arial, helvetica, sans-serif;\">Die Sitzung der Schweiz Repr\u00e4sentation am 10.Mai.2020 um 13:00Uhr MEZ mit der Delegation und eine Gruppe von Menschenrechtsaktivisten und andere G\u00e4ste auf dem Cyberspace Paltalk statt. Die Enthusiasten k\u00f6nnen das obige Treffen aus den aufgezeichneten Dateien unter der Anh\u00f6rung h\u00f6ren<\/span><\/p>\n<p style=\"text-align: justify;\"><span style=\"font-family: tahoma, arial, helvetica, sans-serif;\">Mit den Themen:<\/span><\/p>\n<p><img decoding=\"async\" src=\"https:\/\/seda-tasvir.bashariyat.org\/wp-content\/uploads\/2020\/05\/photo_2020-07-06_16-18-35.jpg\" \/><!--more--><\/p>\n<p style=\"text-align: justify;\"><a href=\"http:\/\/azadegy.de\/jalasehswiss10may2020\/ShoruJalase.mp3\"><span style=\"font-family: tahoma, arial, helvetica, sans-serif;\"><strong>Das Start der Sitzung und Vorstellung der G\u00e4ste<\/strong><\/span><\/a><\/p>\n<p style=\"text-align: justify;\"><a href=\"http:\/\/azadegy.de\/jalasehswiss10may2020\/FardeKarimi.mp3\"><span style=\"font-family: tahoma, arial, helvetica, sans-serif;\">Jafar Fard Karami:<strong>Bericht der Menschenrechtsverletzungen im Iran f\u00fcr Monat April<\/strong><\/span><\/a><\/p>\n<p style=\"text-align: justify;\"><a href=\"http:\/\/azadegy.de\/jalasehswiss10may2020\/Jafarpour.mp3\"><span style=\"font-family: tahoma, arial, helvetica, sans-serif;\">Hadi Jafarpour:<strong>Friedenstruppen<\/strong><\/span><\/a><\/p>\n<p style=\"text-align: justify;\"><a href=\"http:\/\/azadegy.de\/jalasehswiss10may2020\/Vali.mp3\"><span style=\"font-family: tahoma, arial, helvetica, sans-serif;\">Farhang Vali:<strong>IRGC-Raketen und Au\u00dfenpolitik<\/strong><\/span><\/a><\/p>\n<p style=\"text-align: justify;\"><a href=\"http:\/\/azadegy.de\/jalasehswiss10may2020\/RashiSher.mp3\"><span style=\"font-family: tahoma, arial, helvetica, sans-serif;\">Hamid Rashidi:<strong>Regierungsabriss von H\u00e4usern\u00a0!?<\/strong><\/span><\/a><\/p>\n<p style=\"text-align: justify;\"><a href=\"http:\/\/azadegy.de\/jalasehswiss10may2020\/Dehbozorgi.mp3\"><span style=\"font-family: tahoma, arial, helvetica, sans-serif;\">Firozeh Dehbozorgi:<strong>Hinrichtungsstrafe im Iran<\/strong><\/span><\/a><\/p>\n<p style=\"text-align: justify;\"><a href=\"http:\/\/azadegy.de\/jalasehswiss10may2020\/BahseAzad.mp3\"><span style=\"font-family: tahoma, arial, helvetica, sans-serif;\">freie Diskussion: <strong>Das Recht auf Leben und Gesundheit<\/strong><\/span><\/a><\/p>\n<p style=\"text-align: justify;\">\n","protected":false},"excerpt":{"rendered":"<p>Die Sitzung der Schweiz Repr\u00e4sentation am 10.Mai.2020 um 13:00Uhr MEZ mit der Delegation und eine Gruppe von Menschenrechtsaktivisten und andere G\u00e4ste auf dem Cyberspace Paltalk statt. Die Enthusiasten k\u00f6nnen das obige Treffen aus den aufgezeichneten Dateien unter der Anh\u00f6rung h\u00f6ren Mit den Themen:<\/p><p><a class=\"more-link btn\" href=\"https:\/\/deutsch.bashariyat.org\/?p=3328\">Weiterlesen<\/a><\/p>\n","protected":false},"author":2,"featured_media":0,"comment_status":"closed","ping_status":"closed","sticky":false,"template":"","format":"standard","meta":{"footnotes":""},"categories":[11],"tags":[],"class_list":["post-3328","post","type-post","status-publish","format-standard","hentry","category-sitzungsberichte","item-wrap"],"_links":{"self":[{"href":"https:\/\/deutsch.bashariyat.org\/index.php?rest_route=\/wp\/v2\/posts\/3328","targetHints":{"allow":["GET"]}}],"collection":[{"href":"https:\/\/deutsch.bashariyat.org\/index.php?rest_route=\/wp\/v2\/posts"}],"about":[{"href":"https:\/\/deutsch.bashariyat.org\/index.php?rest_route=\/wp\/v2\/types\/post"}],"author":[{"embeddable":true,"href":"https:\/\/deutsch.bashariyat.org\/index.php?rest_route=\/wp\/v2\/users\/2"}],"replies":[{"embeddable":true,"href":"https:\/\/deutsch.bashariyat.org\/index.php?rest_route=%2Fwp%2Fv2%2Fcomments&post=3328"}],"version-history":[{"count":2,"href":"https:\/\/deutsch.bashariyat.org\/index.php?rest_route=\/wp\/v2\/posts\/3328\/revisions"}],"predecessor-version":[{"id":3330,"href":"https:\/\/deutsch.bashariyat.org\/index.php?rest_route=\/wp\/v2\/posts\/3328\/revisions\/3330"}],"wp:attachment":[{"href":"https:\/\/deutsch.bashariyat.org\/index.php?rest_route=%2Fwp%2Fv2%2Fmedia&parent=3328"}],"wp:term":[{"taxonomy":"category","embeddable":true,"href":"https:\/\/deutsch.bashariyat.org\/index.php?rest_route=%2Fwp%2Fv2%2Fcategories&post=3328"},{"taxonomy":"post_tag","embeddable":true,"href":"https:\/\/deutsch.bashariyat.org\/index.php?rest_route=%2Fwp%2Fv2%2Ftags&post=3328"}],"curies":[{"name":"wp","href":"https:\/\/api.w.org\/{rel}","templated":true}]}}