{"id":3331,"date":"2020-07-05T20:11:00","date_gmt":"2020-07-05T18:11:00","guid":{"rendered":"https:\/\/deutsch.bashariyat.org\/?p=3331"},"modified":"2020-07-13T20:14:18","modified_gmt":"2020-07-13T18:14:18","slug":"einladung-zur-sitzung-des-verteidigungsausschuss-der-umwelt-rechte-im-iran-am-10-jul-2020","status":"publish","type":"post","link":"https:\/\/deutsch.bashariyat.org\/?p=3331","title":{"rendered":"\u00a0  Einladung zur Sitzung Skandinavischer Repr\u00e4sentation  am 19.Jul.2020"},"content":{"rendered":"<p style=\"text-align: center;\"><strong><span style=\"font-size: 14pt;\">Eine Ma\u00dfnahme f\u00fcr Bewusstsein und Gerechtigkeit im Iran<\/span><\/strong><\/p>\n<p style=\"text-align: center;\"><span style=\"color: #ff0000;\"><strong><span style=\"font-size: 14pt;\">Vortrag, Fragen und Antworten, Diskussionen und Unterhalten<\/span><\/strong><\/span><\/p>\n<p><strong>Referenten und das Thema der Vortr\u00e4ge:<\/strong><!--more--><\/p>\n<p><strong>Mahmoud Havalat <\/strong><strong>\u00a0:<\/strong><\/p>\n<p>Bericht und Analyse der Menschenrechteverletzungen der Anh\u00e4nger Religionen im Juni\/Juli 2020<\/p>\n<p>&nbsp;<\/p>\n<p><strong>Reza Abbasi Zamanabadi <\/strong><strong>\u00a0:<\/strong><\/p>\n<p>\u00dcberpr\u00fcfung des Artikels 26 der Allgemeinen Erkl\u00e4rung der Menschenrechte Und dessen Vergleich mit der Verfassung der Islamischen Republik Iran<\/p>\n<p>&nbsp;<\/p>\n<p><strong>Tahereh Khatti Dizabadi <\/strong><strong>\u00a0:<\/strong><\/p>\n<p>Khuzestan und die Umwelt<\/p>\n<p><strong>\u00a0<\/strong><\/p>\n<p><strong>Milad Parsaei <\/strong><strong>\u00a0:<\/strong><\/p>\n<p>Der Wald im Iran<\/p>\n<p><strong>Nouri Sharifi <\/strong><strong>:<\/strong><\/p>\n<p>Geheimdienstministerium der Islamischen Republik Iran seit seiner Gr\u00fcndung<\/p>\n<p>&nbsp;<\/p>\n<p>Am Ende jedes Abschnitts finden Fragen und Antworten statt.<\/p>\n<p><strong>Die \u00f6ffentliche Diskussion<\/strong>(Unter der Leitung von Herrn Manoochehr Shafaei)<strong>:<\/strong><\/p>\n<p>Abadan Volksbewegung f\u00fcr Trinkwasser<\/p>\n<p><strong>\u00a0<\/strong><\/p>\n<p>Die Planung und die Prognose f\u00fcr die Aktivit\u00e4ten des n\u00e4chsten Monats<\/p>\n<p>&nbsp;<\/p>\n<p><strong>Zeit:\u00a0<\/strong>Sonntag, 19.Jul.2020 um 20 Uhr MEZ<\/p>\n<p><strong>Veranstaltungsort:<\/strong>\u00a0Paltalk Civic, Workplace\u00a0der Repr\u00e4sentation von Skandinavien<\/p>\n<p>Paltalk; View all<\/p>\n<p>Social Issues and Politics<\/p>\n<p>Human Rights<\/p>\n<p>Kanoon Defa az Hoghogh Bashar dar Iran Scandinavia<\/p>\n<p>&nbsp;<\/p>\n<p>Unsere Kollegen und Aktivisten, die uns bei diesem Treffen helfen:<\/p>\n<p><strong>Verantwortlich f\u00fcr die Sitzung:<\/strong> Mahnaz Ahmadi<\/p>\n<p><strong>Sekret\u00e4r der Sitzung:<\/strong> Reza Abbasi Zamanabadi<\/p>\n<p><strong>Tonaufnahme:<\/strong> Hadi Dartomi<\/p>\n<p><strong>Admins:<\/strong> Mahmoud Havalat, Sam Jabbari Kermani, Masoumeh Tavakkoli<\/p>\n<p>&nbsp;<\/p>\n<p><strong>Vereinigung zur Verteidigung der Menschenrechte im Iran e.V.<\/strong><\/p>\n<p><strong>\u00a0<\/strong><\/p>\n<p><strong>Repr\u00e4sentation von Skandinavien<\/strong><\/p>\n<p><strong>\u00a0<\/strong><\/p>\n<p><strong>\u00a0<\/strong><\/p>\n<p><strong>\u00a0<\/strong><\/p>\n<p><strong>\u00a0<\/strong><\/p>\n<p>Der \u00dcbersetzer: Mohammadhasan Hasanzadehmehrabadi<\/p>\n<p><strong>\u00a0<\/strong><\/p>\n<p>&nbsp;<\/p>\n","protected":false},"excerpt":{"rendered":"<p>Eine Ma\u00dfnahme f\u00fcr Bewusstsein und Gerechtigkeit im Iran Vortrag, Fragen und Antworten, Diskussionen und Unterhalten Referenten und das Thema der Vortr\u00e4ge:<\/p><p><a class=\"more-link btn\" href=\"https:\/\/deutsch.bashariyat.org\/?p=3331\">Weiterlesen<\/a><\/p>\n","protected":false},"author":2,"featured_media":0,"comment_status":"closed","ping_status":"closed","sticky":false,"template":"","format":"standard","meta":{"footnotes":""},"categories":[10],"tags":[],"class_list":["post-3331","post","type-post","status-publish","format-standard","hentry","category-rueckruf","item-wrap"],"_links":{"self":[{"href":"https:\/\/deutsch.bashariyat.org\/index.php?rest_route=\/wp\/v2\/posts\/3331","targetHints":{"allow":["GET"]}}],"collection":[{"href":"https:\/\/deutsch.bashariyat.org\/index.php?rest_route=\/wp\/v2\/posts"}],"about":[{"href":"https:\/\/deutsch.bashariyat.org\/index.php?rest_route=\/wp\/v2\/types\/post"}],"author":[{"embeddable":true,"href":"https:\/\/deutsch.bashariyat.org\/index.php?rest_route=\/wp\/v2\/users\/2"}],"replies":[{"embeddable":true,"href":"https:\/\/deutsch.bashariyat.org\/index.php?rest_route=%2Fwp%2Fv2%2Fcomments&post=3331"}],"version-history":[{"count":3,"href":"https:\/\/deutsch.bashariyat.org\/index.php?rest_route=\/wp\/v2\/posts\/3331\/revisions"}],"predecessor-version":[{"id":3335,"href":"https:\/\/deutsch.bashariyat.org\/index.php?rest_route=\/wp\/v2\/posts\/3331\/revisions\/3335"}],"wp:attachment":[{"href":"https:\/\/deutsch.bashariyat.org\/index.php?rest_route=%2Fwp%2Fv2%2Fmedia&parent=3331"}],"wp:term":[{"taxonomy":"category","embeddable":true,"href":"https:\/\/deutsch.bashariyat.org\/index.php?rest_route=%2Fwp%2Fv2%2Fcategories&post=3331"},{"taxonomy":"post_tag","embeddable":true,"href":"https:\/\/deutsch.bashariyat.org\/index.php?rest_route=%2Fwp%2Fv2%2Ftags&post=3331"}],"curies":[{"name":"wp","href":"https:\/\/api.w.org\/{rel}","templated":true}]}}