{"id":3347,"date":"2020-07-10T20:23:20","date_gmt":"2020-07-10T18:23:20","guid":{"rendered":"https:\/\/deutsch.bashariyat.org\/?p=3347"},"modified":"2020-07-21T20:24:58","modified_gmt":"2020-07-21T18:24:58","slug":"einladung-zur-sitzung-repraesentation-von-ost-asien-am-17-juli-2020-um-15-uhr","status":"publish","type":"post","link":"https:\/\/deutsch.bashariyat.org\/?p=3347","title":{"rendered":"Einladung zur Sitzung Repr\u00e4sentation von Ost-Asien am 17.Juli.2020 Um 15 Uhr"},"content":{"rendered":"<p style=\"text-align: center;\"><span style=\"font-family: tahoma, arial, helvetica, sans-serif; font-size: 18pt;\">Vortrag, Fragen und Antworten, Diskussionen und Unterhalten<\/span><\/p>\n<p style=\"text-align: center;\"><span style=\"font-family: tahoma, arial, helvetica, sans-serif; font-size: 18pt; color: #ff0000;\">Referenten und das Thema der Vortr\u00e4ge:<\/span><!--more--><\/p>\n<p style=\"text-align: justify;\"><span style=\"font-family: tahoma, arial, helvetica, sans-serif;\">Lida Ashjai:<\/span><br \/>\n<span style=\"font-family: tahoma, arial, helvetica, sans-serif;\">Bericht und Analyse der Menschenrechteverletzungen im Juni\/Juli 2020 im Iran<\/span><\/p>\n<p style=\"text-align: justify;\"><span style=\"font-family: tahoma, arial, helvetica, sans-serif;\">Mohammad yousef Esmaili:<\/span><br \/>\n<span style=\"font-family: tahoma, arial, helvetica, sans-serif;\">Artikel 7 \u00dcberpr\u00fcfung der Allgemeinen Erkl\u00e4rung der Menschenrechte Und vergleichen ihn mit der Verfassung der Islamischen Republik Iran<\/span><\/p>\n<p style=\"text-align: justify;\"><span style=\"font-family: tahoma, arial, helvetica, sans-serif;\">Najmeh Taghinejad:<\/span><br \/>\n<span style=\"font-family: tahoma, arial, helvetica, sans-serif;\">Internationaler Tag der Sklaverei<\/span><\/p>\n<p style=\"text-align: justify;\"><span style=\"font-family: tahoma, arial, helvetica, sans-serif;\">Monali Sardari:<\/span><br \/>\n<span style=\"font-family: tahoma, arial, helvetica, sans-serif;\">Internationaler Tag der Weltbev\u00f6lkerung<\/span><\/p>\n<p style=\"text-align: justify;\"><span style=\"font-family: tahoma, arial, helvetica, sans-serif;\">Asad Saeedi:<\/span><br \/>\n<span style=\"font-family: tahoma, arial, helvetica, sans-serif;\">Das recht auf freies Leben und Sicherheit<\/span><\/p>\n<p style=\"text-align: justify;\"><span style=\"font-family: tahoma, arial, helvetica, sans-serif;\">Die \u00f6ffentliche Diskussion:<\/span><br \/>\n<span style=\"font-family: tahoma, arial, helvetica, sans-serif;\">17.04.1378(iranische Kalender) Beginn eines Risses<\/span><br \/>\n<span style=\"font-family: tahoma, arial, helvetica, sans-serif;\">Leiter\/in: Mohamad Abutalebi<\/span><\/p>\n<p style=\"text-align: justify;\"><span style=\"font-family: tahoma, arial, helvetica, sans-serif;\">Zeit: 17.07.2020, um 15:00 Uhr MEZ<\/span><br \/>\n<span style=\"font-family: tahoma, arial, helvetica, sans-serif;\">Veranstaltungsort: Paltalk Civic, Workplace von East-Asia<\/span><br \/>\n<span style=\"font-family: tahoma, arial, helvetica, sans-serif;\">Paltalk; View all<\/span><br \/>\n<span style=\"font-family: tahoma, arial, helvetica, sans-serif;\">Social Issues and Politics<\/span><br \/>\n<span style=\"font-family: tahoma, arial, helvetica, sans-serif;\">Human Rights<\/span><br \/>\n<span style=\"font-family: tahoma, arial, helvetica, sans-serif;\">Kanoon Defa az Hoghogh Bashar dar Iran, East-Asia<\/span><\/p>\n<p style=\"text-align: justify;\"><span style=\"font-family: tahoma, arial, helvetica, sans-serif;\">Unsere Kollegen und Aktivisten, die uns bei diesem Treffen helfen:<\/span><\/p>\n<p style=\"text-align: justify;\"><span style=\"font-family: tahoma, arial, helvetica, sans-serif;\">Verantwortlich f\u00fcr die Sitzung: Mohammad abutalebi<\/span><br \/>\n<span style=\"font-family: tahoma, arial, helvetica, sans-serif;\">Sekret\u00e4r der Sitzung:Melika Ahmadi Sabzavari<\/span><br \/>\n<span style=\"font-family: tahoma, arial, helvetica, sans-serif;\">Admins: Mohammad Golestanjoo, Mohammad abotalebi, Abolfazl Parvizi<\/span><br \/>\n<span style=\"font-family: tahoma, arial, helvetica, sans-serif;\">Tonaufnahme: Abolfarz Parvizi<\/span><\/p>\n<p style=\"text-align: justify;\"><span style=\"font-family: tahoma, arial, helvetica, sans-serif;\">Vereinigung zur Verteidigung der Menschenrechte im Iran<\/span><br \/>\n<span style=\"font-family: tahoma, arial, helvetica, sans-serif;\">Repr\u00e4sentation von East-Asia<\/span><\/p>\n","protected":false},"excerpt":{"rendered":"<p>Vortrag, Fragen und Antworten, Diskussionen und Unterhalten Referenten und das Thema der Vortr\u00e4ge:<\/p><p><a class=\"more-link btn\" href=\"https:\/\/deutsch.bashariyat.org\/?p=3347\">Weiterlesen<\/a><\/p>\n","protected":false},"author":2,"featured_media":0,"comment_status":"closed","ping_status":"closed","sticky":false,"template":"","format":"standard","meta":{"footnotes":""},"categories":[10],"tags":[],"class_list":["post-3347","post","type-post","status-publish","format-standard","hentry","category-rueckruf","item-wrap"],"_links":{"self":[{"href":"https:\/\/deutsch.bashariyat.org\/index.php?rest_route=\/wp\/v2\/posts\/3347","targetHints":{"allow":["GET"]}}],"collection":[{"href":"https:\/\/deutsch.bashariyat.org\/index.php?rest_route=\/wp\/v2\/posts"}],"about":[{"href":"https:\/\/deutsch.bashariyat.org\/index.php?rest_route=\/wp\/v2\/types\/post"}],"author":[{"embeddable":true,"href":"https:\/\/deutsch.bashariyat.org\/index.php?rest_route=\/wp\/v2\/users\/2"}],"replies":[{"embeddable":true,"href":"https:\/\/deutsch.bashariyat.org\/index.php?rest_route=%2Fwp%2Fv2%2Fcomments&post=3347"}],"version-history":[{"count":1,"href":"https:\/\/deutsch.bashariyat.org\/index.php?rest_route=\/wp\/v2\/posts\/3347\/revisions"}],"predecessor-version":[{"id":3348,"href":"https:\/\/deutsch.bashariyat.org\/index.php?rest_route=\/wp\/v2\/posts\/3347\/revisions\/3348"}],"wp:attachment":[{"href":"https:\/\/deutsch.bashariyat.org\/index.php?rest_route=%2Fwp%2Fv2%2Fmedia&parent=3347"}],"wp:term":[{"taxonomy":"category","embeddable":true,"href":"https:\/\/deutsch.bashariyat.org\/index.php?rest_route=%2Fwp%2Fv2%2Fcategories&post=3347"},{"taxonomy":"post_tag","embeddable":true,"href":"https:\/\/deutsch.bashariyat.org\/index.php?rest_route=%2Fwp%2Fv2%2Ftags&post=3347"}],"curies":[{"name":"wp","href":"https:\/\/api.w.org\/{rel}","templated":true}]}}