{"id":3370,"date":"2020-07-18T23:28:37","date_gmt":"2020-07-18T21:28:37","guid":{"rendered":"https:\/\/deutsch.bashariyat.org\/?p=3370"},"modified":"2021-06-07T01:10:42","modified_gmt":"2021-06-06T23:10:42","slug":"einladung-zur-sitzung-des-verteidigungsausschuss-der-rechte-die-kinder-und-jugendliche-am-24-juli-2020","status":"publish","type":"post","link":"https:\/\/deutsch.bashariyat.org\/?p=3370","title":{"rendered":"Einladung zur Sitzung des Verteidigungsausschuss der Rechte die Kinder und Jugendliche am 24.Juli 2020"},"content":{"rendered":"<p style=\"text-align: center;\"><span style=\"font-family: tahoma, arial, helvetica, sans-serif;\"><strong>Vortrag, Fragen und Antworten, Diskussionen und Unterhalten<\/strong><\/span><\/p>\n<p style=\"text-align: center;\"><span style=\"font-family: tahoma, arial, helvetica, sans-serif;\"><strong>Referenten und das Thema der Vortr\u00e4ge:<\/strong><!--more--><\/span><\/p>\n<p><span style=\"font-family: tahoma, arial, helvetica, sans-serif;\"><strong>\u00a0<\/strong><\/span><\/p>\n<p><span style=\"font-family: tahoma, arial, helvetica, sans-serif;\">Zohreh Haghbaali:<\/span><\/p>\n<p><span style=\"font-family: tahoma, arial, helvetica, sans-serif;\"><strong>Bericht und Analyse von Menschenrechteverletzungen im Juli 2020<\/strong><\/span><\/p>\n<p>&nbsp;<\/p>\n<p><span style=\"font-family: tahoma, arial, helvetica, sans-serif;\">Abouzar Khademi<strong>:<\/strong><\/span><\/p>\n<p><span style=\"font-family: tahoma, arial, helvetica, sans-serif;\"><strong>Artikel 1 \u00dcberpr\u00fcfung der Allgemeinen Erkl\u00e4rung der Menschenrechte Und vergleichen ihn mit der Verfassung der Islamischen Republik Iran<\/strong><\/span><\/p>\n<p><span style=\"font-family: tahoma, arial, helvetica, sans-serif;\"><strong>\u00a0<\/strong><\/span><\/p>\n<p><span style=\"font-family: tahoma, arial, helvetica, sans-serif;\">Hooman Sharitehrani:<\/span><\/p>\n<p><span style=\"font-family: tahoma, arial, helvetica, sans-serif;\"><strong>Schlecht betreute und verwaiste Kinder<\/strong><\/span><\/p>\n<p>&nbsp;<\/p>\n<p><span style=\"font-family: tahoma, arial, helvetica, sans-serif;\">Shayan Barzi<strong>:<\/strong><\/span><\/p>\n<p><span style=\"font-family: tahoma, arial, helvetica, sans-serif;\"><strong>Ein Blick auf die Bildungssituation von Kindern im Iran<\/strong><\/span><\/p>\n<p>&nbsp;<\/p>\n<p><span style=\"font-family: tahoma, arial, helvetica, sans-serif;\">Mina Ghanbari:<\/span><\/p>\n<p><span style=\"font-family: tahoma, arial, helvetica, sans-serif;\"><strong>Warum sind Berichte 1290(Ehrenmorde) Ausgefertigt worden?<\/strong><\/span><\/p>\n<p><span style=\"font-family: tahoma, arial, helvetica, sans-serif;\"><strong>\u00a0<\/strong><\/span><\/p>\n<p><span style=\"font-family: tahoma, arial, helvetica, sans-serif;\"><strong>Am Ende jedes Abschnitts finden Fragen und Antworten statt.<\/strong><\/span><\/p>\n<p>&nbsp;<\/p>\n<p><span style=\"font-family: tahoma, arial, helvetica, sans-serif;\"><strong>Die \u00f6ffentliche Diskussion: <\/strong><\/span><\/p>\n<p><span style=\"font-family: tahoma, arial, helvetica, sans-serif;\"><strong>Das Recht, seine Gedanken zu Kindern (Dokument der UNESCO 2030)<\/strong><\/span><\/p>\n<p>&nbsp;<\/p>\n<p><span style=\"font-family: tahoma, arial, helvetica, sans-serif;\"><strong>Zeit: <\/strong>Freitag 24.Juli 2020, um 17:00 Uhr MEZ<\/span><\/p>\n<p><span style=\"font-family: tahoma, arial, helvetica, sans-serif;\"><strong>Veranstaltungsort<\/strong><strong>:<\/strong> Paltalk Civic, Workplace des Verteidigungsausschuss der Rechte die Kinder und Jugendliche<\/span><\/p>\n<p><span style=\"font-family: tahoma, arial, helvetica, sans-serif;\">\u00a0Paltalk; View all<\/span><\/p>\n<p><span style=\"font-family: tahoma, arial, helvetica, sans-serif;\">Social Issues and Politics<\/span><\/p>\n<p><span style=\"font-family: tahoma, arial, helvetica, sans-serif;\">Human Rights<\/span><\/p>\n<p><span style=\"font-family: tahoma, arial, helvetica, sans-serif;\">Kanoon Defa az Hoghogh Bashar dar Iran, Komitteh Koodak<\/span><\/p>\n<p>&nbsp;<\/p>\n<p><span style=\"font-family: tahoma, arial, helvetica, sans-serif;\">Unsere Kollegen und Aktivisten, die uns bei diesem Treffen helfen:<\/span><\/p>\n<p><span style=\"font-family: tahoma, arial, helvetica, sans-serif;\"><strong>Verantwortlich f\u00fcr die Sitzung:<\/strong> Samane Mohebi<\/span><\/p>\n<p><span style=\"font-family: tahoma, arial, helvetica, sans-serif;\"><strong>Sekret\u00e4r der Sitzung:<\/strong> Reza Veysanian<\/span><\/p>\n<p><span style=\"font-family: tahoma, arial, helvetica, sans-serif;\"><strong>Tonaufnahme:<\/strong> Mohammadhasan Hasanzadehmehrabadi, Hooman sheri Tehrani<\/span><\/p>\n<p><span style=\"font-family: tahoma, arial, helvetica, sans-serif;\"><strong>Admins:<\/strong> Hadi Dartomi, Mohammadhasan Hasanzadehmehrabadi, Samane Mohebi, <strong>Elahe Gravand Alizadeh<\/strong><\/span><\/p>\n<p>&nbsp;<\/p>\n<p><span style=\"font-family: tahoma, arial, helvetica, sans-serif;\"><strong>Vereinigung zur Verteidigung der Menschenrechte im Iran<\/strong><\/span><\/p>\n<p><span style=\"font-family: tahoma, arial, helvetica, sans-serif;\"><strong>Ausschuss f\u00fcr der <\/strong><strong>Rechte die Kinder und Jugendliche<\/strong><\/span><\/p>\n<p><span style=\"font-family: tahoma, arial, helvetica, sans-serif;\"><strong>\u00a0<\/strong><\/span><\/p>\n<p><span style=\"font-family: tahoma, arial, helvetica, sans-serif;\"><strong>\u00a0<\/strong><\/span><\/p>\n","protected":false},"excerpt":{"rendered":"<p>Vortrag, Fragen und Antworten, Diskussionen und Unterhalten Referenten und das Thema der Vortr\u00e4ge:<\/p><p><a class=\"more-link btn\" href=\"https:\/\/deutsch.bashariyat.org\/?p=3370\">Weiterlesen<\/a><\/p>\n","protected":false},"author":2,"featured_media":0,"comment_status":"closed","ping_status":"closed","sticky":false,"template":"","format":"standard","meta":{"footnotes":""},"categories":[10],"tags":[],"class_list":["post-3370","post","type-post","status-publish","format-standard","hentry","category-rueckruf","item-wrap"],"_links":{"self":[{"href":"https:\/\/deutsch.bashariyat.org\/index.php?rest_route=\/wp\/v2\/posts\/3370","targetHints":{"allow":["GET"]}}],"collection":[{"href":"https:\/\/deutsch.bashariyat.org\/index.php?rest_route=\/wp\/v2\/posts"}],"about":[{"href":"https:\/\/deutsch.bashariyat.org\/index.php?rest_route=\/wp\/v2\/types\/post"}],"author":[{"embeddable":true,"href":"https:\/\/deutsch.bashariyat.org\/index.php?rest_route=\/wp\/v2\/users\/2"}],"replies":[{"embeddable":true,"href":"https:\/\/deutsch.bashariyat.org\/index.php?rest_route=%2Fwp%2Fv2%2Fcomments&post=3370"}],"version-history":[{"count":2,"href":"https:\/\/deutsch.bashariyat.org\/index.php?rest_route=\/wp\/v2\/posts\/3370\/revisions"}],"predecessor-version":[{"id":4696,"href":"https:\/\/deutsch.bashariyat.org\/index.php?rest_route=\/wp\/v2\/posts\/3370\/revisions\/4696"}],"wp:attachment":[{"href":"https:\/\/deutsch.bashariyat.org\/index.php?rest_route=%2Fwp%2Fv2%2Fmedia&parent=3370"}],"wp:term":[{"taxonomy":"category","embeddable":true,"href":"https:\/\/deutsch.bashariyat.org\/index.php?rest_route=%2Fwp%2Fv2%2Fcategories&post=3370"},{"taxonomy":"post_tag","embeddable":true,"href":"https:\/\/deutsch.bashariyat.org\/index.php?rest_route=%2Fwp%2Fv2%2Ftags&post=3370"}],"curies":[{"name":"wp","href":"https:\/\/api.w.org\/{rel}","templated":true}]}}