{"id":3382,"date":"2020-07-24T23:35:39","date_gmt":"2020-07-24T21:35:39","guid":{"rendered":"https:\/\/deutsch.bashariyat.org\/?p=3382"},"modified":"2020-07-30T23:36:14","modified_gmt":"2020-07-30T21:36:14","slug":"audio-bericht-der-schweiz-repraesentation-am-12-jul-2020","status":"publish","type":"post","link":"https:\/\/deutsch.bashariyat.org\/?p=3382","title":{"rendered":"Audio-Bericht der Schweiz Repr\u00e4sentation am 12.Jul.2020"},"content":{"rendered":"<p style=\"text-align: justify;\"><span style=\"font-family: tahoma, arial, helvetica, sans-serif;\">Die Sitzung der Schweiz Repr\u00e4sentation am 12.Jul.2020 um 13:00Uhr MEZ mit der Delegation und eine Gruppe von Menschenrechtsaktivisten und andere G\u00e4ste auf dem Cyberspace Paltalk statt. Die Enthusiasten k\u00f6nnen das obige Treffen aus den aufgezeichneten Dateien unter der Anh\u00f6rung h\u00f6ren<\/span><\/p>\n<p style=\"text-align: justify;\"><span style=\"font-family: tahoma, arial, helvetica, sans-serif;\">Mit den Themen:<\/span><!--more--><\/p>\n<p style=\"text-align: justify;\"><span style=\"font-family: tahoma, arial, helvetica, sans-serif;\">Ali Emamgholi:<strong>Bericht der Menschenrechtsverletzungen im Iran f\u00fcr Monat Juli<\/strong><\/span><\/p>\n<p style=\"text-align: justify;\"><span style=\"font-family: tahoma, arial, helvetica, sans-serif;\">Mehrdad Yeganeh:<strong>\u00dcberpr\u00fcfung des Artikels 17 der Allgemeinen Erkl\u00e4rung der Menschenrechte und dessen Vergleich mit der Verfassung der Islamischen Republik Iran <\/strong><\/span><\/p>\n<p style=\"text-align: justify;\">\n<span style=\"font-family: tahoma, arial, helvetica, sans-serif;\">Nasser Darkhah:<strong>Wahlverfahren im Iran<br \/>\n<\/strong><\/span><br \/>\n<span style=\"font-family: tahoma, arial, helvetica, sans-serif;\">Pouria Talebzadeh:<strong>Ein Blick auf die Pr\u00e4sidentschaftswahlen im Juni 2009<\/strong><\/span><\/p>\n<p style=\"text-align: justify;\">\n<p style=\"text-align: justify;\"><span style=\"font-family: tahoma, arial, helvetica, sans-serif;\"><strong>\u00a0<\/strong><\/span><\/p>\n","protected":false},"excerpt":{"rendered":"<p>Die Sitzung der Schweiz Repr\u00e4sentation am 12.Jul.2020 um 13:00Uhr MEZ mit der Delegation und eine Gruppe von Menschenrechtsaktivisten und andere G\u00e4ste auf dem Cyberspace Paltalk statt. Die Enthusiasten k\u00f6nnen das obige Treffen aus den aufgezeichneten Dateien unter der Anh\u00f6rung h\u00f6ren Mit den Themen:<\/p><p><a class=\"more-link btn\" href=\"https:\/\/deutsch.bashariyat.org\/?p=3382\">Weiterlesen<\/a><\/p>\n","protected":false},"author":2,"featured_media":0,"comment_status":"closed","ping_status":"closed","sticky":false,"template":"","format":"standard","meta":{"footnotes":""},"categories":[11],"tags":[],"class_list":["post-3382","post","type-post","status-publish","format-standard","hentry","category-sitzungsberichte","item-wrap"],"_links":{"self":[{"href":"https:\/\/deutsch.bashariyat.org\/index.php?rest_route=\/wp\/v2\/posts\/3382","targetHints":{"allow":["GET"]}}],"collection":[{"href":"https:\/\/deutsch.bashariyat.org\/index.php?rest_route=\/wp\/v2\/posts"}],"about":[{"href":"https:\/\/deutsch.bashariyat.org\/index.php?rest_route=\/wp\/v2\/types\/post"}],"author":[{"embeddable":true,"href":"https:\/\/deutsch.bashariyat.org\/index.php?rest_route=\/wp\/v2\/users\/2"}],"replies":[{"embeddable":true,"href":"https:\/\/deutsch.bashariyat.org\/index.php?rest_route=%2Fwp%2Fv2%2Fcomments&post=3382"}],"version-history":[{"count":1,"href":"https:\/\/deutsch.bashariyat.org\/index.php?rest_route=\/wp\/v2\/posts\/3382\/revisions"}],"predecessor-version":[{"id":3383,"href":"https:\/\/deutsch.bashariyat.org\/index.php?rest_route=\/wp\/v2\/posts\/3382\/revisions\/3383"}],"wp:attachment":[{"href":"https:\/\/deutsch.bashariyat.org\/index.php?rest_route=%2Fwp%2Fv2%2Fmedia&parent=3382"}],"wp:term":[{"taxonomy":"category","embeddable":true,"href":"https:\/\/deutsch.bashariyat.org\/index.php?rest_route=%2Fwp%2Fv2%2Fcategories&post=3382"},{"taxonomy":"post_tag","embeddable":true,"href":"https:\/\/deutsch.bashariyat.org\/index.php?rest_route=%2Fwp%2Fv2%2Ftags&post=3382"}],"curies":[{"name":"wp","href":"https:\/\/api.w.org\/{rel}","templated":true}]}}