{"id":3406,"date":"2020-08-01T21:01:58","date_gmt":"2020-08-01T19:01:58","guid":{"rendered":"https:\/\/deutsch.bashariyat.org\/?p=3406"},"modified":"2020-08-11T21:03:43","modified_gmt":"2020-08-11T19:03:43","slug":"einladung-zur-sitzung-der-schweiz-repraesentation-am-09-aug-2020","status":"publish","type":"post","link":"https:\/\/deutsch.bashariyat.org\/?p=3406","title":{"rendered":"Einladung zur Sitzung der Schweiz Repr\u00e4sentation am 09.Aug.2020"},"content":{"rendered":"<p style=\"text-align: center;\"><span style=\"font-family: tahoma, arial, helvetica, sans-serif; font-size: 14pt;\">\u00d6sterreich Repr\u00e4sentation zusammentragt\u00a0<\/span><\/p>\n<p style=\"text-align: center;\"><span style=\"font-family: tahoma, arial, helvetica, sans-serif; font-size: 14pt; color: #ff0000;\">Vortrag, Fragen und Antworten, Diskussionen und Unterhalten<\/span><\/p>\n<p style=\"text-align: justify;\"><span style=\"font-family: tahoma, arial, helvetica, sans-serif;\"><strong>Referenten und Vortr\u00e4ge:<\/strong><\/span><!--more--><\/p>\n<p style=\"text-align: justify;\"><span style=\"font-family: tahoma, arial, helvetica, sans-serif;\">Jafar Fard Karimi:<\/span><\/p>\n<p style=\"text-align: justify;\"><span style=\"font-family: tahoma, arial, helvetica, sans-serif;\"><strong>Bericht der Menschenrechtsverletzungen im Iran f\u00fcr Monat Juni<\/strong><\/span><\/p>\n<p style=\"text-align: justify;\"><span style=\"font-family: tahoma, arial, helvetica, sans-serif;\">Firouzeh Dehbozorgi:<\/span><\/p>\n<p style=\"text-align: justify;\"><span style=\"font-family: tahoma, arial, helvetica, sans-serif;\"><strong>\u00dcberpr\u00fcfung des Artikels 23 der Allgemeinen Erkl\u00e4rung der Menschenrechte und dessen Vergleich mit der Verfassung der Islamischen Republik Iran <\/strong><\/span><\/p>\n<p style=\"text-align: justify;\"><span style=\"font-family: tahoma, arial, helvetica, sans-serif;\">Hamid Rashidi:<\/span><\/p>\n<p><span style=\"font-family: tahoma, arial, helvetica, sans-serif;\"><strong>Sherpa ( Koulbar) im Iran<\/strong><\/span><\/p>\n<p style=\"text-align: justify;\"><span style=\"font-family: tahoma, arial, helvetica, sans-serif;\">Farhang Vali:<\/span><\/p>\n<p><span style=\"font-family: tahoma, arial, helvetica, sans-serif;\"><strong>Islamische Republik und \u00dcberleben um jeden Preis!<\/strong><\/span><\/p>\n<p style=\"text-align: justify;\"><span style=\"font-family: tahoma, arial, helvetica, sans-serif;\"><strong><br \/>\n<\/strong>Hadi Jafarpour:<\/span><\/p>\n<p><span style=\"font-family: tahoma, arial, helvetica, sans-serif;\"><strong>Sofortige Hinrichtungen ohne Gerichtsverfahren<\/strong><\/span><\/p>\n<p style=\"text-align: justify;\"><span style=\"font-family: tahoma, arial, helvetica, sans-serif;\">Am Ende jedes Abschnitts finden Fragen und Antworten statt<\/span><\/p>\n<p style=\"text-align: justify;\"><span style=\"font-family: tahoma, arial, helvetica, sans-serif;\">die \u00f6ffentliche Diskussion:<\/span><\/p>\n<p style=\"text-align: justify;\"><span style=\"font-family: tahoma, arial, helvetica, sans-serif;\"><strong>Wasserkrise im Iran<\/strong><\/span><\/p>\n<p style=\"text-align: justify;\"><span style=\"font-family: tahoma, arial, helvetica, sans-serif;\">Zeit: Sontag, 09.Aug. 2020 um 13:00 Uhr MEZ<\/span><\/p>\n<p style=\"text-align: justify;\"><span style=\"font-family: tahoma, arial, helvetica, sans-serif;\">Veranstaltungsort:<\/span><\/p>\n<p style=\"text-align: justify;\"><span style=\"font-family: tahoma, arial, helvetica, sans-serif;\">Kasama ,Millit\u00e4rstrasse87A ;8004 Z\u00fcrich<\/span><\/p>\n<p style=\"text-align: justify;\"><span style=\"font-family: tahoma, arial, helvetica, sans-serif;\">\u00a0Paltalk Civic, Workplace von Paltalk ; View all<\/span><\/p>\n<p style=\"text-align: justify;\"><span style=\"font-family: tahoma, arial, helvetica, sans-serif;\">Social, Issues and Politics<\/span><\/p>\n<p style=\"text-align: justify;\"><span style=\"font-family: tahoma, arial, helvetica, sans-serif;\">Human Rights<\/span><\/p>\n<p style=\"text-align: justify;\"><span style=\"font-family: tahoma, arial, helvetica, sans-serif;\">Kanoon Defa az Hoghogh Bashar dar Iran Namayandegi switzerland<\/span><\/p>\n<p style=\"text-align: justify;\"><span style=\"font-family: tahoma, arial, helvetica, sans-serif;\"><strong>Unsere Kollegen und Aktivisten, die uns bei diesem Treffen helfen:<\/strong><\/span><\/p>\n<p style=\"text-align: justify;\"><span style=\"font-family: tahoma, arial, helvetica, sans-serif;\">Verantwortlich f\u00fcr die Sitzung<strong>: Reza Amiri<\/strong><\/span><\/p>\n<p style=\"text-align: justify;\"><span style=\"font-family: tahoma, arial, helvetica, sans-serif;\">Sekret\u00e4rin\/er<strong>:<\/strong> <strong>Rasoul Pourazad<\/strong><\/span><\/p>\n<p style=\"text-align: justify;\"><span style=\"font-family: tahoma, arial, helvetica, sans-serif;\">Admins<strong>: \u00a0Ali Emamgholi, Mehrdad Yeganeh, Merhdad Safari Oskouii<\/strong><\/span><\/p>\n<p style=\"text-align: justify;\"><span style=\"font-family: tahoma, arial, helvetica, sans-serif;\">Tonaufnahme: <strong>Hadi Jafarpour<\/strong><\/span><\/p>\n<p style=\"text-align: justify;\"><span style=\"font-family: tahoma, arial, helvetica, sans-serif;\"><strong>Vereinigung zur Verteidigung der Menschenrechte im Iran Schweiz Repr\u00e4sentation<\/strong><\/span><\/p>\n<p style=\"text-align: justify;\">\n","protected":false},"excerpt":{"rendered":"<p>\u00d6sterreich Repr\u00e4sentation zusammentragt\u00a0 Vortrag, Fragen und Antworten, Diskussionen und Unterhalten Referenten und Vortr\u00e4ge:<\/p><p><a class=\"more-link btn\" href=\"https:\/\/deutsch.bashariyat.org\/?p=3406\">Weiterlesen<\/a><\/p>\n","protected":false},"author":2,"featured_media":0,"comment_status":"closed","ping_status":"closed","sticky":false,"template":"","format":"standard","meta":{"footnotes":""},"categories":[10],"tags":[],"class_list":["post-3406","post","type-post","status-publish","format-standard","hentry","category-rueckruf","item-wrap"],"_links":{"self":[{"href":"https:\/\/deutsch.bashariyat.org\/index.php?rest_route=\/wp\/v2\/posts\/3406","targetHints":{"allow":["GET"]}}],"collection":[{"href":"https:\/\/deutsch.bashariyat.org\/index.php?rest_route=\/wp\/v2\/posts"}],"about":[{"href":"https:\/\/deutsch.bashariyat.org\/index.php?rest_route=\/wp\/v2\/types\/post"}],"author":[{"embeddable":true,"href":"https:\/\/deutsch.bashariyat.org\/index.php?rest_route=\/wp\/v2\/users\/2"}],"replies":[{"embeddable":true,"href":"https:\/\/deutsch.bashariyat.org\/index.php?rest_route=%2Fwp%2Fv2%2Fcomments&post=3406"}],"version-history":[{"count":2,"href":"https:\/\/deutsch.bashariyat.org\/index.php?rest_route=\/wp\/v2\/posts\/3406\/revisions"}],"predecessor-version":[{"id":3408,"href":"https:\/\/deutsch.bashariyat.org\/index.php?rest_route=\/wp\/v2\/posts\/3406\/revisions\/3408"}],"wp:attachment":[{"href":"https:\/\/deutsch.bashariyat.org\/index.php?rest_route=%2Fwp%2Fv2%2Fmedia&parent=3406"}],"wp:term":[{"taxonomy":"category","embeddable":true,"href":"https:\/\/deutsch.bashariyat.org\/index.php?rest_route=%2Fwp%2Fv2%2Fcategories&post=3406"},{"taxonomy":"post_tag","embeddable":true,"href":"https:\/\/deutsch.bashariyat.org\/index.php?rest_route=%2Fwp%2Fv2%2Ftags&post=3406"}],"curies":[{"name":"wp","href":"https:\/\/api.w.org\/{rel}","templated":true}]}}