{"id":3414,"date":"2020-07-21T21:12:21","date_gmt":"2020-07-21T19:12:21","guid":{"rendered":"https:\/\/deutsch.bashariyat.org\/?p=3414"},"modified":"2020-08-11T21:13:13","modified_gmt":"2020-08-11T19:13:13","slug":"einladung-zur-sitzung-des-verteidigungsausschuss-der-kunst-und-kuenstler-rechte-im-iran-und-die-repraesentation-der-tuerkei-am-30-jul-2020","status":"publish","type":"post","link":"https:\/\/deutsch.bashariyat.org\/?p=3414","title":{"rendered":"Einladung zur Sitzung des Verteidigungsausschuss der Kunst und K\u00fcnstler-Rechte im Iran und die Repr\u00e4sentation der T\u00fcrkei  am 30.Jul.2020"},"content":{"rendered":"<p style=\"text-align: center;\"><span style=\"font-size: 14pt; font-family: tahoma, arial, helvetica, sans-serif;\">Verteidigungsausschuss der Kunst und K\u00fcnstler-Rechte und<\/span><\/p>\n<p style=\"text-align: center;\"><span style=\"font-size: 14pt; font-family: tahoma, arial, helvetica, sans-serif;\">die Repr\u00e4sentation der T\u00fcrkei zusammentragen<\/span><\/p>\n<p style=\"text-align: center;\"><span style=\"font-size: 14pt; font-family: tahoma, arial, helvetica, sans-serif; color: #ff0000;\">Vortrag, Fragen und Antworten, Diskussionen und Unterhalten<\/span><\/p>\n<p>&nbsp;<\/p>\n<p><span style=\"font-family: tahoma, arial, helvetica, sans-serif;\"><strong>Referenten und das Thema der Vortr\u00e4ge:<\/strong><\/span><!--more--><\/p>\n<p><span style=\"font-family: tahoma, arial, helvetica, sans-serif;\"><strong>Raha Farahmand <\/strong><strong>\u00a0:<\/strong><\/span><\/p>\n<p><span style=\"font-family: tahoma, arial, helvetica, sans-serif;\">Bericht und Analyse von Verletzungen der Rechte der Kunstrechtsverletzungen im Juni\/Juli 2020<\/span><\/p>\n<p>&nbsp;<\/p>\n<p><span style=\"font-family: tahoma, arial, helvetica, sans-serif;\"><strong>Mohammad Farshidian <\/strong><strong>\u00a0:<\/strong><\/span><\/p>\n<p><span style=\"font-family: tahoma, arial, helvetica, sans-serif;\">\u00dcberpr\u00fcfung des Artikels 8 der Allgemeinen Erkl\u00e4rung der Menschenrechte Und dessen Vergleich mit der Verfassung der Islamischen Republik Iran<\/span><\/p>\n<p>&nbsp;<\/p>\n<p><span style=\"font-family: tahoma, arial, helvetica, sans-serif;\"><strong>Mohammad Yusef Esmaeili <\/strong><strong>\u00a0<\/strong><strong>:<\/strong><\/span><\/p>\n<p><span style=\"font-family: tahoma, arial, helvetica, sans-serif;\">Das Budget und Produktionen des Rundfunks und Fernsehens der Islamischen Republik Iran<\/span><\/p>\n<p>&nbsp;<\/p>\n<p><span style=\"font-family: tahoma, arial, helvetica, sans-serif;\"><strong>Melika Ahmadi Sabzevari <\/strong><strong>\u00a0<\/strong><strong>:<\/strong><\/span><\/p>\n<p><span style=\"font-family: tahoma, arial, helvetica, sans-serif;\">Der menschliche Wert im Iran (Staatsb\u00fcrgerschaftsrecht)<\/span><\/p>\n<p>&nbsp;<\/p>\n<p><span style=\"font-family: tahoma, arial, helvetica, sans-serif;\"><strong>Ibrahim Fadakar <\/strong><strong>\u00a0<\/strong><strong>:<\/strong><\/span><\/p>\n<p><span style=\"font-family: tahoma, arial, helvetica, sans-serif;\">Die Todesstrafe im Iran<\/span><\/p>\n<p>&nbsp;<\/p>\n<p><span style=\"font-family: tahoma, arial, helvetica, sans-serif;\">Am Ende jedes Abschnitts finden Fragen und Antworten statt.<\/span><\/p>\n<p>&nbsp;<\/p>\n<p><span style=\"font-family: tahoma, arial, helvetica, sans-serif;\"><strong>Die \u00f6ffentliche Diskussion<\/strong>(Unter der Leitung von Frau Sedigheh Jafari) <strong>: \u00a0\u00a0\u00a0\u00a0\u00a0\u00a0<\/strong>Das Recht auf Wohnen, Essen, Kleidung\u00a0Die Planung und die Prognose f\u00fcr die Aktivit\u00e4ten des n\u00e4chsten Monats\u00a0<\/span><\/p>\n<p><span style=\"font-family: tahoma, arial, helvetica, sans-serif;\"><strong>Zeit: <\/strong>Donnerstag, 30.Jul.2020, um 18:00 Uhr MEZ<\/span><\/p>\n<p><span style=\"font-family: tahoma, arial, helvetica, sans-serif;\"><strong>Veranstaltungsort<\/strong><strong>:<\/strong> Paltalk Civic, Workplace von Verteidigungsausschuss der Kunst und K\u00fcnstler-Rechte<\/span><\/p>\n<p><span style=\"font-family: tahoma, arial, helvetica, sans-serif;\">Paltalk; View all<\/span><\/p>\n<p><span style=\"font-family: tahoma, arial, helvetica, sans-serif;\">Social Issues and Politics<\/span><\/p>\n<p><span style=\"font-family: tahoma, arial, helvetica, sans-serif;\">Human Rights<\/span><\/p>\n<p><span style=\"font-family: tahoma, arial, helvetica, sans-serif;\">Kanoon Defae az hoghogh bashar dar iran, Komite honar<\/span><\/p>\n<p>&nbsp;<\/p>\n<p><span style=\"font-family: tahoma, arial, helvetica, sans-serif;\">Unsere Kollegen und Aktivisten, die uns bei diesem Treffen helfen:<\/span><\/p>\n<p><span style=\"font-family: tahoma, arial, helvetica, sans-serif;\"><strong>Verantwortlich f\u00fcr die Sitzung:<\/strong> Lida Asadifar\u00a0<\/span><\/p>\n<p><span style=\"font-family: tahoma, arial, helvetica, sans-serif;\"><strong>Sekret\u00e4rin\/er der Sitzung:<\/strong> Melika Ahmadi Sabzevari<\/span><\/p>\n<p><span style=\"font-family: tahoma, arial, helvetica, sans-serif;\"><strong>Admins:<\/strong> Alireza Jahan Bin, Mehdi Golsefidi, Irandokht Kia, Seyed Esmaeil Hashemi<\/span><\/p>\n<p><span style=\"font-family: tahoma, arial, helvetica, sans-serif;\"><strong>Tonaufnahme:<\/strong> Amen Jahanbozorgi, Ibrahim Fadakar,\u00a0 Roza Jahan Bin<\/span><\/p>\n<p>&nbsp;<\/p>\n<p>&nbsp;<\/p>\n<p><span style=\"font-family: tahoma, arial, helvetica, sans-serif;\"><strong>Vereinigung zur Verteidigung der Menschenrechte im Iran e.V.<\/strong><\/span><\/p>\n<p><span style=\"font-family: tahoma, arial, helvetica, sans-serif;\"><strong>\u00a0<\/strong><\/span><\/p>\n<p><span style=\"font-family: tahoma, arial, helvetica, sans-serif;\"><strong>Verteidigungsausschuss der Kunst und K\u00fcnstler-Rechte und die Repr\u00e4sentation von der T\u00fcrkei<\/strong><\/span><\/p>\n<p><span style=\"font-family: tahoma, arial, helvetica, sans-serif;\"><strong>\u00a0<\/strong><\/span><\/p>\n<p><span style=\"font-family: tahoma, arial, helvetica, sans-serif;\"><strong>\u00a0<\/strong><\/span><\/p>\n<p><span style=\"font-family: tahoma, arial, helvetica, sans-serif;\"><strong>\u00a0<\/strong><\/span><\/p>\n<p><span style=\"font-family: tahoma, arial, helvetica, sans-serif;\">Der \u00dcbersetzer: Mohammadhasan Hasanzadehmehrabadi<\/span><\/p>\n<p><span style=\"font-family: tahoma, arial, helvetica, sans-serif;\"><strong>\u00a0<\/strong><\/span><\/p>\n","protected":false},"excerpt":{"rendered":"<p>Verteidigungsausschuss der Kunst und K\u00fcnstler-Rechte und die Repr\u00e4sentation der T\u00fcrkei zusammentragen Vortrag, Fragen und Antworten, Diskussionen und Unterhalten &nbsp; Referenten und das Thema der Vortr\u00e4ge:<\/p><p><a class=\"more-link btn\" href=\"https:\/\/deutsch.bashariyat.org\/?p=3414\">Weiterlesen<\/a><\/p>\n","protected":false},"author":2,"featured_media":0,"comment_status":"closed","ping_status":"closed","sticky":false,"template":"","format":"standard","meta":{"footnotes":""},"categories":[1],"tags":[],"class_list":["post-3414","post","type-post","status-publish","format-standard","hentry","category-allgemein","item-wrap"],"_links":{"self":[{"href":"https:\/\/deutsch.bashariyat.org\/index.php?rest_route=\/wp\/v2\/posts\/3414","targetHints":{"allow":["GET"]}}],"collection":[{"href":"https:\/\/deutsch.bashariyat.org\/index.php?rest_route=\/wp\/v2\/posts"}],"about":[{"href":"https:\/\/deutsch.bashariyat.org\/index.php?rest_route=\/wp\/v2\/types\/post"}],"author":[{"embeddable":true,"href":"https:\/\/deutsch.bashariyat.org\/index.php?rest_route=\/wp\/v2\/users\/2"}],"replies":[{"embeddable":true,"href":"https:\/\/deutsch.bashariyat.org\/index.php?rest_route=%2Fwp%2Fv2%2Fcomments&post=3414"}],"version-history":[{"count":1,"href":"https:\/\/deutsch.bashariyat.org\/index.php?rest_route=\/wp\/v2\/posts\/3414\/revisions"}],"predecessor-version":[{"id":3415,"href":"https:\/\/deutsch.bashariyat.org\/index.php?rest_route=\/wp\/v2\/posts\/3414\/revisions\/3415"}],"wp:attachment":[{"href":"https:\/\/deutsch.bashariyat.org\/index.php?rest_route=%2Fwp%2Fv2%2Fmedia&parent=3414"}],"wp:term":[{"taxonomy":"category","embeddable":true,"href":"https:\/\/deutsch.bashariyat.org\/index.php?rest_route=%2Fwp%2Fv2%2Fcategories&post=3414"},{"taxonomy":"post_tag","embeddable":true,"href":"https:\/\/deutsch.bashariyat.org\/index.php?rest_route=%2Fwp%2Fv2%2Ftags&post=3414"}],"curies":[{"name":"wp","href":"https:\/\/api.w.org\/{rel}","templated":true}]}}