{"id":3417,"date":"2020-07-25T21:13:36","date_gmt":"2020-07-25T19:13:36","guid":{"rendered":"https:\/\/deutsch.bashariyat.org\/?p=3417"},"modified":"2020-08-11T21:15:14","modified_gmt":"2020-08-11T19:15:14","slug":"audio-sprachbericht-von-skandinavischer-repraesentation-am-19-jul-2020","status":"publish","type":"post","link":"https:\/\/deutsch.bashariyat.org\/?p=3417","title":{"rendered":"Audio-Sprachbericht von Skandinavischer Repr\u00e4sentation am 19.Jul.2020"},"content":{"rendered":"<p style=\"text-align: justify;\"><span style=\"font-family: tahoma, arial, helvetica, sans-serif;\">Eine Sitzung von Skandinavischer Repr\u00e4sentation fand am 19.Jul.2020 um 20:00 Uhr mitteleurop\u00e4ischer Zeit in Anwesenheit von Mitgliedern und einer Gruppe von Menschenrechtsaktivisten und anderen G\u00e4sten im Paltak Cyberspace statt. In dieser Sitzung wurden die folgenden Themen er\u00f6rtert:<\/span><\/p>\n<p style=\"text-align: justify;\"><span style=\"font-family: tahoma, arial, helvetica, sans-serif;\">Bericht und Analyse der Menschenrechteverletzungen der Anh\u00e4nger Religionen im Juni\/Juli 2020, \u00dcberpr\u00fcfung des Artikels 26 der Allgemeinen Erkl\u00e4rung der Menschenrechte Und dessen Vergleich mit der Verfassung der Islamischen Republik Iran, Khuzestan und die Umwelt, Der Wald im Iran, Geheimdienstministerium der Islamischen Republik Iran seit seiner Gr\u00fcndung und die \u00f6ffentliche Diskussion unter der Leitung von Herrn Manoochehr Shafaei \u201eAbadan Volksbewegung f\u00fcr Trinkwasser\u201c. Interessenten k\u00f6nnen den Audiobericht dieses Meetings aus den folgenden Audiodateien anh\u00f6ren :<\/span><\/p>\n<p style=\"text-align: justify;\">\n<p style=\"text-align: justify;\"><img decoding=\"async\" src=\"https:\/\/seda-tasvir.bashariyat.org\/wp-content\/uploads\/2020\/07\/photo_2020-07-26_00-43-29.jpg\" \/><!--more--><\/p>\n<p style=\"text-align: justify;\"><span style=\"font-family: tahoma, arial, helvetica, sans-serif;\"><strong>Mahmoud Havalat <\/strong><strong>\u00a0:<\/strong>Bericht und Analyse der Menschenrechteverletzungen der Anh\u00e4nger Religionen im Juni\/Juli 2020<\/span><\/p>\n<p style=\"text-align: justify;\">\n<p style=\"text-align: justify;\"><span style=\"font-family: tahoma, arial, helvetica, sans-serif;\"><strong>Reza Abbasi Zamanabadi <\/strong><strong>\u00a0:<\/strong>\u00dcberpr\u00fcfung des Artikels 26 der Allgemeinen Erkl\u00e4rung der Menschenrechte Und dessen Vergleich mit der Verfassung der Islamischen Republik Iran<\/span><\/p>\n<p style=\"text-align: justify;\">\n<p style=\"text-align: justify;\"><span style=\"font-family: tahoma, arial, helvetica, sans-serif;\"><strong>Tahereh Khatti Dizabadi <\/strong><strong>\u00a0:<\/strong>Khuzestan und die Umwelt<\/span><\/p>\n<p style=\"text-align: justify;\"><span style=\"font-family: tahoma, arial, helvetica, sans-serif;\"><strong>\u00a0<\/strong><\/span><\/p>\n<p style=\"text-align: justify;\"><span style=\"font-family: tahoma, arial, helvetica, sans-serif;\"><strong>Milad Parsaei : <\/strong>Der Wald im Iran<\/span><\/p>\n<p style=\"text-align: justify;\">\n<p style=\"text-align: justify;\"><span style=\"font-family: tahoma, arial, helvetica, sans-serif;\"><strong>Nouri Sharifi <\/strong><strong>:<\/strong> Geheimdienstministerium der Islamischen Republik Iran seit seiner Gr\u00fcndung<\/span><\/p>\n<p style=\"text-align: justify;\">\n<p style=\"text-align: justify;\"><span style=\"font-family: tahoma, arial, helvetica, sans-serif;\"><strong>Die \u00f6ffentliche Diskussion<\/strong>(Unter der Leitung von Herrn Manoochehr Shafaei)<strong>:<\/strong> Abadan Volksbewegung f\u00fcr Trinkwasser<\/span><\/p>\n<p style=\"text-align: justify;\">\n<p style=\"text-align: justify;\">\n<p style=\"text-align: justify;\"><span style=\"font-family: tahoma, arial, helvetica, sans-serif;\"><strong>Vereinigung zur Verteidigung der Menschenrechte im Iran e.V.<\/strong><\/span><\/p>\n<p style=\"text-align: justify;\"><span style=\"font-family: tahoma, arial, helvetica, sans-serif;\"><strong>\u00a0<\/strong><\/span><\/p>\n<p style=\"text-align: justify;\"><span style=\"font-family: tahoma, arial, helvetica, sans-serif;\"><strong>Repr\u00e4sentation von Skandinavien<\/strong><\/span><\/p>\n<p style=\"text-align: justify;\"><span style=\"font-family: tahoma, arial, helvetica, sans-serif;\"><strong>\u00a0<\/strong><\/span><\/p>\n<p style=\"text-align: justify;\"><span style=\"font-family: tahoma, arial, helvetica, sans-serif;\"><strong>\u00a0<\/strong><\/span><\/p>\n<p style=\"text-align: justify;\"><span style=\"font-family: tahoma, arial, helvetica, sans-serif;\"><strong>\u00a0<\/strong><\/span><\/p>\n<p style=\"text-align: justify;\"><span style=\"font-family: tahoma, arial, helvetica, sans-serif;\"><strong>\u00a0<\/strong><\/span><\/p>\n<p style=\"text-align: justify;\">\n<p style=\"text-align: justify;\"><span style=\"font-family: tahoma, arial, helvetica, sans-serif;\">Der \u00dcbersetzer: Mohammadhasan Hasanzadehmehrabadi<\/span><\/p>\n<p style=\"text-align: justify;\">\n","protected":false},"excerpt":{"rendered":"<p>Eine Sitzung von Skandinavischer Repr\u00e4sentation fand am 19.Jul.2020 um 20:00 Uhr mitteleurop\u00e4ischer Zeit in Anwesenheit von Mitgliedern und einer Gruppe von Menschenrechtsaktivisten und anderen G\u00e4sten im Paltak Cyberspace statt. In dieser Sitzung wurden die folgenden Themen er\u00f6rtert: Bericht und Analyse der Menschenrechteverletzungen der Anh\u00e4nger Religionen im Juni\/Juli 2020, \u00dcberpr\u00fcfung des Artikels 26 der Allgemeinen Erkl\u00e4rung &hellip; <\/p>\n<p><a class=\"more-link btn\" href=\"https:\/\/deutsch.bashariyat.org\/?p=3417\">Weiterlesen<\/a><\/p>\n","protected":false},"author":2,"featured_media":0,"comment_status":"closed","ping_status":"closed","sticky":false,"template":"","format":"standard","meta":{"footnotes":""},"categories":[11],"tags":[],"class_list":["post-3417","post","type-post","status-publish","format-standard","hentry","category-sitzungsberichte","item-wrap"],"_links":{"self":[{"href":"https:\/\/deutsch.bashariyat.org\/index.php?rest_route=\/wp\/v2\/posts\/3417","targetHints":{"allow":["GET"]}}],"collection":[{"href":"https:\/\/deutsch.bashariyat.org\/index.php?rest_route=\/wp\/v2\/posts"}],"about":[{"href":"https:\/\/deutsch.bashariyat.org\/index.php?rest_route=\/wp\/v2\/types\/post"}],"author":[{"embeddable":true,"href":"https:\/\/deutsch.bashariyat.org\/index.php?rest_route=\/wp\/v2\/users\/2"}],"replies":[{"embeddable":true,"href":"https:\/\/deutsch.bashariyat.org\/index.php?rest_route=%2Fwp%2Fv2%2Fcomments&post=3417"}],"version-history":[{"count":1,"href":"https:\/\/deutsch.bashariyat.org\/index.php?rest_route=\/wp\/v2\/posts\/3417\/revisions"}],"predecessor-version":[{"id":3418,"href":"https:\/\/deutsch.bashariyat.org\/index.php?rest_route=\/wp\/v2\/posts\/3417\/revisions\/3418"}],"wp:attachment":[{"href":"https:\/\/deutsch.bashariyat.org\/index.php?rest_route=%2Fwp%2Fv2%2Fmedia&parent=3417"}],"wp:term":[{"taxonomy":"category","embeddable":true,"href":"https:\/\/deutsch.bashariyat.org\/index.php?rest_route=%2Fwp%2Fv2%2Fcategories&post=3417"},{"taxonomy":"post_tag","embeddable":true,"href":"https:\/\/deutsch.bashariyat.org\/index.php?rest_route=%2Fwp%2Fv2%2Ftags&post=3417"}],"curies":[{"name":"wp","href":"https:\/\/api.w.org\/{rel}","templated":true}]}}