{"id":3426,"date":"2020-08-14T20:16:48","date_gmt":"2020-08-14T18:16:48","guid":{"rendered":"https:\/\/deutsch.bashariyat.org\/?p=3426"},"modified":"2020-08-19T20:24:45","modified_gmt":"2020-08-19T18:24:45","slug":"einladung-zur-sitzung-repraesentation-von-nordrhein-westfalen-am-20-august-2020","status":"publish","type":"post","link":"https:\/\/deutsch.bashariyat.org\/?p=3426","title":{"rendered":"Einladung zur Sitzung Repr\u00e4sentation von Nordrhein-Westfalen am 20. August.2020"},"content":{"rendered":"<p style=\"text-align: center;\"><span style=\"font-family: tahoma, arial, helvetica, sans-serif; font-size: 14pt;\">Repr\u00e4sentation von Nordrhein-Westfalen zusammentragt <\/span><br \/>\n<span style=\"font-family: tahoma, arial, helvetica, sans-serif; font-size: 14pt; color: #ff0000;\">Vortrag, Fragen und Antworten, Diskussionen und Unterhalten<\/span><\/p>\n<p style=\"text-align: justify;\"><span style=\"font-family: tahoma, arial, helvetica, sans-serif;\">Referenten und Vortr\u00e4ge:<\/span><!--more--><\/p>\n<p style=\"text-align: justify;\"><span style=\"font-family: tahoma, arial, helvetica, sans-serif;\">Taraneh Zolfaghar: <\/span><br \/>\n<span style=\"font-family: tahoma, arial, helvetica, sans-serif;\">Bericht und Analyse von Menschenrechteverletzungen im August 2020<\/span><\/p>\n<p style=\"text-align: justify;\"><span style=\"font-family: tahoma, arial, helvetica, sans-serif;\">Somayeh Hosseinzadeh Sani:<\/span><br \/>\n<span style=\"font-family: tahoma, arial, helvetica, sans-serif;\">Artikel 23 \u00dcberpr\u00fcfung der Allgemeinen Erkl\u00e4rung der Menschenrechte Und sie es vergleichen mit der Verfassung der Islamischen Republik Iran<\/span><\/p>\n<p style=\"text-align: justify;\"><span style=\"font-family: tahoma, arial, helvetica, sans-serif;\">Elahe Geravand Alizadeh:<\/span><br \/>\n<span style=\"font-family: tahoma, arial, helvetica, sans-serif;\">Weltjugendtag<\/span><\/p>\n<p style=\"text-align: justify;\"><span style=\"font-family: tahoma, arial, helvetica, sans-serif;\">Fariba Moradipour:<\/span><br \/>\n<span style=\"font-family: tahoma, arial, helvetica, sans-serif;\">Khavaran M\u00fctter und stehen gegen die Verletzung des Rechts auf Leben<\/span><\/p>\n<p style=\"text-align: justify;\"><span style=\"font-family: tahoma, arial, helvetica, sans-serif;\">Nilofar Jalili:<\/span><br \/>\n<span style=\"font-family: tahoma, arial, helvetica, sans-serif;\">Warum sind Berichte 1309(Die Situation iranischer politischer und ideologischer Asylbewerber in der T\u00fcrkei) Ausgefertigt worden?<\/span><\/p>\n<p style=\"text-align: justify;\"><span style=\"font-family: tahoma, arial, helvetica, sans-serif;\">Am Ende jedes Abschnitts finden Fragen und Antworten statt.<\/span><br \/>\n<span style=\"font-family: tahoma, arial, helvetica, sans-serif;\">Die \u00f6ffentliche Diskussion: Umweltkrise im Iran<\/span><\/p>\n<p style=\"text-align: justify;\"><span style=\"font-family: tahoma, arial, helvetica, sans-serif;\">Zeit: Donnerstag , 20. August.2020, um 19:00 Uhr MEZ<\/span><br \/>\n<span style=\"font-family: tahoma, arial, helvetica, sans-serif;\">Veranstaltungsort: Paltalk Civic, Workplace von Repr\u00e4sentation von Nordrhein-Westfalen<\/span><br \/>\n<span style=\"font-family: tahoma, arial, helvetica, sans-serif;\">Paltalk ; View all<\/span><br \/>\n<span style=\"font-family: tahoma, arial, helvetica, sans-serif;\">Social, Issues and Politics<\/span><br \/>\n<span style=\"font-family: tahoma, arial, helvetica, sans-serif;\">Human Rights<\/span><br \/>\n<span style=\"font-family: tahoma, arial, helvetica, sans-serif;\">Kanoon Defa az Hoghogh Bashar dar Iran namayandegi koln<\/span><br \/>\n<span style=\"font-family: tahoma, arial, helvetica, sans-serif;\">Unsere Kollegen und Aktivisten, die uns bei diesem Treffen helfen:<\/span><\/p>\n<p style=\"text-align: justify;\"><span style=\"font-family: tahoma, arial, helvetica, sans-serif;\">Verantwortlich f\u00fcr die Sitzung: Afshin Shahin Zadeh <\/span><br \/>\n<span style=\"font-family: tahoma, arial, helvetica, sans-serif;\">Sekret\u00e4r der Sitzung: Mehrnoosh Imani Chegini<\/span><br \/>\n<span style=\"font-family: tahoma, arial, helvetica, sans-serif;\">Tonaufnahme: Elahe Gravand Alizadeh<\/span><br \/>\n<span style=\"font-family: tahoma, arial, helvetica, sans-serif;\">Admins: Samaneh Mohebi, Hamid Rezaeiazariani, Azar Erhamie<\/span><\/p>\n<p style=\"text-align: justify;\"><span style=\"font-family: tahoma, arial, helvetica, sans-serif;\">Vereinigung zur Verteidigung der Menschenrechte im Iran<\/span><br \/>\n<span style=\"font-family: tahoma, arial, helvetica, sans-serif;\">Repr\u00e4sentation von Nordrhein-Westfalen<\/span><\/p>\n","protected":false},"excerpt":{"rendered":"<p>Repr\u00e4sentation von Nordrhein-Westfalen zusammentragt Vortrag, Fragen und Antworten, Diskussionen und Unterhalten Referenten und Vortr\u00e4ge:<\/p><p><a class=\"more-link btn\" href=\"https:\/\/deutsch.bashariyat.org\/?p=3426\">Weiterlesen<\/a><\/p>\n","protected":false},"author":2,"featured_media":0,"comment_status":"closed","ping_status":"closed","sticky":false,"template":"","format":"standard","meta":{"footnotes":""},"categories":[10],"tags":[],"class_list":["post-3426","post","type-post","status-publish","format-standard","hentry","category-rueckruf","item-wrap"],"_links":{"self":[{"href":"https:\/\/deutsch.bashariyat.org\/index.php?rest_route=\/wp\/v2\/posts\/3426","targetHints":{"allow":["GET"]}}],"collection":[{"href":"https:\/\/deutsch.bashariyat.org\/index.php?rest_route=\/wp\/v2\/posts"}],"about":[{"href":"https:\/\/deutsch.bashariyat.org\/index.php?rest_route=\/wp\/v2\/types\/post"}],"author":[{"embeddable":true,"href":"https:\/\/deutsch.bashariyat.org\/index.php?rest_route=\/wp\/v2\/users\/2"}],"replies":[{"embeddable":true,"href":"https:\/\/deutsch.bashariyat.org\/index.php?rest_route=%2Fwp%2Fv2%2Fcomments&post=3426"}],"version-history":[{"count":1,"href":"https:\/\/deutsch.bashariyat.org\/index.php?rest_route=\/wp\/v2\/posts\/3426\/revisions"}],"predecessor-version":[{"id":3428,"href":"https:\/\/deutsch.bashariyat.org\/index.php?rest_route=\/wp\/v2\/posts\/3426\/revisions\/3428"}],"wp:attachment":[{"href":"https:\/\/deutsch.bashariyat.org\/index.php?rest_route=%2Fwp%2Fv2%2Fmedia&parent=3426"}],"wp:term":[{"taxonomy":"category","embeddable":true,"href":"https:\/\/deutsch.bashariyat.org\/index.php?rest_route=%2Fwp%2Fv2%2Fcategories&post=3426"},{"taxonomy":"post_tag","embeddable":true,"href":"https:\/\/deutsch.bashariyat.org\/index.php?rest_route=%2Fwp%2Fv2%2Ftags&post=3426"}],"curies":[{"name":"wp","href":"https:\/\/api.w.org\/{rel}","templated":true}]}}