{"id":3429,"date":"2020-08-03T20:25:01","date_gmt":"2020-08-03T18:25:01","guid":{"rendered":"https:\/\/deutsch.bashariyat.org\/?p=3429"},"modified":"2020-08-19T20:28:48","modified_gmt":"2020-08-19T18:28:48","slug":"audio-sitzungsbericht-der-respraesentation-von-baden-wuerttemberg-am-31-juli-2020","status":"publish","type":"post","link":"https:\/\/deutsch.bashariyat.org\/?p=3429","title":{"rendered":"Audio-Sitzungsbericht der Respr\u00e4sentation von  \u00a0Baden-W\u00fcrttemberg am 31.Juli.2020  \u00a0"},"content":{"rendered":"<p style=\"text-align: justify;\"><span style=\"font-family: tahoma, arial, helvetica, sans-serif;\">Unsere Monatlichsitzung wurde am 31.Juli.2020 in Anwesenheit von Mitgliedern und einer Gruppe von Menschenrechtsaktivisten um 14:00 Uhr Online in Paltalk stattgefunden.<\/span><br \/>\n<span style=\"font-family: tahoma, arial, helvetica, sans-serif;\">In dieser Sitzung werden die folgenden Themen behandelt, die Sie anh\u00f6ren k\u00f6nnen:<\/span><\/p>\n<p style=\"text-align: justify;\"><span style=\"font-family: tahoma, arial, helvetica, sans-serif;\">Audio-Sitzungsbericht der Respr\u00e4sentation von Baden-W\u00fcrttemberg \u00a0am 31.Juli.2020<\/span><\/p>\n<p style=\"text-align: justify;\"><img decoding=\"async\" src=\"https:\/\/seda-tasvir.bashariyat.org\/wp-content\/uploads\/2020\/08\/photo_2020-08-03_00-47-11.jpg\" \/><!--more--><\/p>\n<p style=\"text-align: justify;\"><a href=\"http:\/\/azadegy.de\/jalasebadenviternberg31jul2020\/6.mp3\"><span style=\"font-family: tahoma, arial, helvetica, sans-serif;\"><strong>Reza Abasi Zamanabadi: <\/strong>Bericht und Analyse von Menschenrechteverletzungen im Juli 2020<\/span><\/a><\/p>\n<p style=\"text-align: justify;\"><a href=\"http:\/\/azadegy.de\/jalasebadenviternberg31jul2020\/2.mp3\"><span style=\"font-family: tahoma, arial, helvetica, sans-serif;\"><strong>Tahere Kati Dizabadi:<\/strong><\/span><\/a><\/p>\n<p style=\"text-align: justify;\"><span style=\"font-family: tahoma, arial, helvetica, sans-serif;\">Artikel 19 \u00dcberpr\u00fcfung der Allgemeinen Erkl\u00e4rung der Menschenrechte Und vergleichen ihn mit der Verfassung der Islamischen Republik Iran<\/span><\/p>\n<p style=\"text-align: justify;\"><span style=\"font-family: tahoma, arial, helvetica, sans-serif;\"><strong>\u00a0<\/strong><\/span><\/p>\n<p style=\"text-align: justify;\"><a href=\"http:\/\/azadegy.de\/jalasebadenviternberg31jul2020\/3.mp3\"><span style=\"font-family: tahoma, arial, helvetica, sans-serif;\"><strong>Sam Jabari Kermani:<\/strong> Welttag der Sklaverei<\/span><\/a><\/p>\n<p style=\"text-align: justify;\"><span style=\"font-family: tahoma, arial, helvetica, sans-serif;\"><strong>\u00a0<\/strong><\/span><\/p>\n<p style=\"text-align: justify;\"><a href=\"http:\/\/azadegy.de\/jalasebadenviternberg31jul2020\/4.mp3\"><span style=\"font-family: tahoma, arial, helvetica, sans-serif;\"><strong>Mina Farshi: <\/strong>Ehrenmorde im Iran<\/span><\/a><\/p>\n<p style=\"text-align: justify;\">\n<p style=\"text-align: justify;\"><a href=\"http:\/\/azadegy.de\/jalasebadenviternberg31jul2020\/5.mp3\"><span style=\"font-family: tahoma, arial, helvetica, sans-serif;\"><strong>Die \u00f6ffentliche Diskussion:<\/strong> <strong>das Recht zu protestieren<\/strong><\/span><\/a><\/p>\n<p style=\"text-align: justify;\"><span style=\"font-family: tahoma, arial, helvetica, sans-serif;\"><strong>\u00a0<\/strong><\/span><\/p>\n<p style=\"text-align: justify;\"><span style=\"font-family: tahoma, arial, helvetica, sans-serif;\"><strong>Vereinigung zur Verteidigung der Menschenrechte im Iran e.V.<\/strong><\/span><\/p>\n<p style=\"text-align: justify;\"><span style=\"font-family: tahoma, arial, helvetica, sans-serif;\"><strong>Repr\u00e4sentation von Baden-W\u00fcrttemberg \u00a0<\/strong><\/span><\/p>\n<p style=\"text-align: justify;\"><span style=\"font-family: tahoma, arial, helvetica, sans-serif;\"><strong>\u00a0<\/strong><\/span><\/p>\n<p style=\"text-align: justify;\">\n","protected":false},"excerpt":{"rendered":"<p>Unsere Monatlichsitzung wurde am 31.Juli.2020 in Anwesenheit von Mitgliedern und einer Gruppe von Menschenrechtsaktivisten um 14:00 Uhr Online in Paltalk stattgefunden. In dieser Sitzung werden die folgenden Themen behandelt, die Sie anh\u00f6ren k\u00f6nnen: Audio-Sitzungsbericht der Respr\u00e4sentation von Baden-W\u00fcrttemberg \u00a0am 31.Juli.2020<\/p><p><a class=\"more-link btn\" href=\"https:\/\/deutsch.bashariyat.org\/?p=3429\">Weiterlesen<\/a><\/p>\n","protected":false},"author":2,"featured_media":0,"comment_status":"closed","ping_status":"closed","sticky":false,"template":"","format":"standard","meta":{"footnotes":""},"categories":[11],"tags":[],"class_list":["post-3429","post","type-post","status-publish","format-standard","hentry","category-sitzungsberichte","item-wrap"],"_links":{"self":[{"href":"https:\/\/deutsch.bashariyat.org\/index.php?rest_route=\/wp\/v2\/posts\/3429","targetHints":{"allow":["GET"]}}],"collection":[{"href":"https:\/\/deutsch.bashariyat.org\/index.php?rest_route=\/wp\/v2\/posts"}],"about":[{"href":"https:\/\/deutsch.bashariyat.org\/index.php?rest_route=\/wp\/v2\/types\/post"}],"author":[{"embeddable":true,"href":"https:\/\/deutsch.bashariyat.org\/index.php?rest_route=\/wp\/v2\/users\/2"}],"replies":[{"embeddable":true,"href":"https:\/\/deutsch.bashariyat.org\/index.php?rest_route=%2Fwp%2Fv2%2Fcomments&post=3429"}],"version-history":[{"count":1,"href":"https:\/\/deutsch.bashariyat.org\/index.php?rest_route=\/wp\/v2\/posts\/3429\/revisions"}],"predecessor-version":[{"id":3430,"href":"https:\/\/deutsch.bashariyat.org\/index.php?rest_route=\/wp\/v2\/posts\/3429\/revisions\/3430"}],"wp:attachment":[{"href":"https:\/\/deutsch.bashariyat.org\/index.php?rest_route=%2Fwp%2Fv2%2Fmedia&parent=3429"}],"wp:term":[{"taxonomy":"category","embeddable":true,"href":"https:\/\/deutsch.bashariyat.org\/index.php?rest_route=%2Fwp%2Fv2%2Fcategories&post=3429"},{"taxonomy":"post_tag","embeddable":true,"href":"https:\/\/deutsch.bashariyat.org\/index.php?rest_route=%2Fwp%2Fv2%2Ftags&post=3429"}],"curies":[{"name":"wp","href":"https:\/\/api.w.org\/{rel}","templated":true}]}}