{"id":3435,"date":"2020-07-26T20:32:01","date_gmt":"2020-07-26T18:32:01","guid":{"rendered":"https:\/\/deutsch.bashariyat.org\/?p=3435"},"modified":"2020-08-19T20:34:08","modified_gmt":"2020-08-19T18:34:08","slug":"audio-sitzungsbericht-des-repraesentanz-von-ostasiatischen-laendern-im-iran-am-17-juli-2020","status":"publish","type":"post","link":"https:\/\/deutsch.bashariyat.org\/?p=3435","title":{"rendered":"Audio-Sitzungsbericht des Repr\u00e4sentanz von Ostasiatischen L\u00e4ndern im Iran am 17.Juli. 2020"},"content":{"rendered":"<p style=\"text-align: justify;\">Die Sitzung der Mitglieder der Nieders\u00e4chsischen Repr\u00e4sentation fand am 17.Juli.2020 um 15:00 Uhr mitteleurop\u00e4ischer Zeit in Anwesenheit von Mitgliedern des t\u00fcrkischen Kunst- und Repr\u00e4sentationsausschusses und einer Gruppe von Menschenrechtsaktivisten und anderen G\u00e4sten im Paltak app statt.<\/p>\n<p style=\"text-align: justify;\">Referenten und das Thema der Vortr\u00e4ge:<\/p>\n<p><img decoding=\"async\" src=\"https:\/\/seda-tasvir.bashariyat.org\/wp-content\/uploads\/2020\/07\/photo_2020-07-26_00-36-37.jpg\" \/><!--more--><\/p>\n<p style=\"text-align: justify;\">Lida Ashjai:<br \/>\nBericht und Analyse der Menschenrechteverletzungen im Juni\/Juli 2020 im Iran<\/p>\n<p style=\"text-align: justify;\">Mohammad yousef Esmaili:<br \/>\nArtikel 7 \u00dcberpr\u00fcfung der Allgemeinen Erkl\u00e4rung der Menschenrechte Und vergleichen ihn mit der Verfassung der Islamischen Republik Iran<\/p>\n<p style=\"text-align: justify;\">Najmeh Taghinejad:<br \/>\nInternationaler Tag der Sklaverei<\/p>\n<p style=\"text-align: justify;\">Monali Sardari:<br \/>\nInternationaler Tag der Weltbev\u00f6lkerung<\/p>\n<p style=\"text-align: justify;\">Asad Saeedi:<br \/>\nDas recht auf freies Leben und Sicherheit<\/p>\n<p style=\"text-align: justify;\">Die \u00f6ffentliche Diskussion:<br \/>\n17.04.1378(iranische Kalender) Beginn eines Risses<br \/>\nLeiter\/in: Mohamad Abutalebi<\/p>\n","protected":false},"excerpt":{"rendered":"<p>Die Sitzung der Mitglieder der Nieders\u00e4chsischen Repr\u00e4sentation fand am 17.Juli.2020 um 15:00 Uhr mitteleurop\u00e4ischer Zeit in Anwesenheit von Mitgliedern des t\u00fcrkischen Kunst- und Repr\u00e4sentationsausschusses und einer Gruppe von Menschenrechtsaktivisten und anderen G\u00e4sten im Paltak app statt. Referenten und das Thema der Vortr\u00e4ge:<\/p><p><a class=\"more-link btn\" href=\"https:\/\/deutsch.bashariyat.org\/?p=3435\">Weiterlesen<\/a><\/p>\n","protected":false},"author":2,"featured_media":0,"comment_status":"closed","ping_status":"closed","sticky":false,"template":"","format":"standard","meta":{"footnotes":""},"categories":[11],"tags":[],"class_list":["post-3435","post","type-post","status-publish","format-standard","hentry","category-sitzungsberichte","item-wrap"],"_links":{"self":[{"href":"https:\/\/deutsch.bashariyat.org\/index.php?rest_route=\/wp\/v2\/posts\/3435","targetHints":{"allow":["GET"]}}],"collection":[{"href":"https:\/\/deutsch.bashariyat.org\/index.php?rest_route=\/wp\/v2\/posts"}],"about":[{"href":"https:\/\/deutsch.bashariyat.org\/index.php?rest_route=\/wp\/v2\/types\/post"}],"author":[{"embeddable":true,"href":"https:\/\/deutsch.bashariyat.org\/index.php?rest_route=\/wp\/v2\/users\/2"}],"replies":[{"embeddable":true,"href":"https:\/\/deutsch.bashariyat.org\/index.php?rest_route=%2Fwp%2Fv2%2Fcomments&post=3435"}],"version-history":[{"count":1,"href":"https:\/\/deutsch.bashariyat.org\/index.php?rest_route=\/wp\/v2\/posts\/3435\/revisions"}],"predecessor-version":[{"id":3436,"href":"https:\/\/deutsch.bashariyat.org\/index.php?rest_route=\/wp\/v2\/posts\/3435\/revisions\/3436"}],"wp:attachment":[{"href":"https:\/\/deutsch.bashariyat.org\/index.php?rest_route=%2Fwp%2Fv2%2Fmedia&parent=3435"}],"wp:term":[{"taxonomy":"category","embeddable":true,"href":"https:\/\/deutsch.bashariyat.org\/index.php?rest_route=%2Fwp%2Fv2%2Fcategories&post=3435"},{"taxonomy":"post_tag","embeddable":true,"href":"https:\/\/deutsch.bashariyat.org\/index.php?rest_route=%2Fwp%2Fv2%2Ftags&post=3435"}],"curies":[{"name":"wp","href":"https:\/\/api.w.org\/{rel}","templated":true}]}}