{"id":3437,"date":"2020-07-19T20:34:39","date_gmt":"2020-07-19T18:34:39","guid":{"rendered":"https:\/\/deutsch.bashariyat.org\/?p=3437"},"modified":"2020-08-19T20:49:44","modified_gmt":"2020-08-19T18:49:44","slug":"audio-sitzungsbericht-des-arbeitnehmer-und-arbeitsschutz-verteidigungsausschuss-04-juli-2020","status":"publish","type":"post","link":"https:\/\/deutsch.bashariyat.org\/?p=3437","title":{"rendered":"Audio-Sitzungsbericht des Arbeitnehmer- und Arbeitsschutz Verteidigungsausschuss 04.Juli.2020"},"content":{"rendered":"<p style=\"text-align: justify;\"><span style=\"font-family: tahoma, arial, helvetica, sans-serif;\">Die Sitzung der Mitglieder des Arbeitnehmer- und Arbeitsschutz Verteidigungsausschuss fand am 04.Juli.2020 um 16:00 Uhr mitteleurop\u00e4ischer Zeit in Anwesenheit von Mitgliedern des t\u00fcrkischen Kunst- und Repr\u00e4sentationsausschusses und einer Gruppe von Menschenrechtsaktivisten und anderen G\u00e4sten im Paltak App statt.<\/span><\/p>\n<p style=\"text-align: justify;\"><span style=\"font-family: tahoma, arial, helvetica, sans-serif;\">Referenten und das Thema der Vortr\u00e4ge:<\/span><\/p>\n<p><img decoding=\"async\" src=\"https:\/\/seda-tasvir.bashariyat.org\/wp-content\/uploads\/2020\/07\/photo_2020-07-16_23-52-52.jpg\" \/><!--more--><\/p>\n<p style=\"text-align: justify;\"><a href=\"http:\/\/azadegy.de\/jalasekarvkargar4jul2020\/2.mp3\"><span style=\"font-family: tahoma, arial, helvetica, sans-serif;\">Roya Molai:<\/span><\/a><br \/>\n<span style=\"font-family: tahoma, arial, helvetica, sans-serif;\">Bericht und Analyse der Arbeits- Arbeitsnehmerrechteverletzungen im June\/Mai 2020<\/span><\/p>\n<p><a href=\"http:\/\/azadegy.de\/jalasekarvkargar4jul2020\/5.mp3\"><span style=\"font-family: tahoma, arial, helvetica, sans-serif;\">Davood Vahidi:<\/span><\/a><br \/>\n<span style=\"font-family: tahoma, arial, helvetica, sans-serif;\">Artikel 21 \u00dcberpr\u00fcfung der Allgemeinen Erkl\u00e4rung der Menschenrechte Und vergleichen ihn mit der Verfassung der Islamischen Republik Iran<\/span><\/p>\n<p style=\"text-align: justify;\"><a href=\"http:\/\/azadegy.de\/jalasekarvkargar4jul2020\/3.mp3\"><span style=\"font-family: tahoma, arial, helvetica, sans-serif;\">Taher Khati dieselabadi:<\/span><\/a><br \/>\n<span style=\"font-family: tahoma, arial, helvetica, sans-serif;\">Arbeit und Position der religi\u00f6sen Minderheiten<\/span><\/p>\n<p style=\"text-align: justify;\"><a href=\"http:\/\/azadegy.de\/jalasekarvkargar4jul2020\/1.mp3\"><span style=\"font-family: tahoma, arial, helvetica, sans-serif;\">Noori Sharifi:<\/span><\/a><br \/>\n<span style=\"font-family: tahoma, arial, helvetica, sans-serif;\">Frauen und Arbeit im Iran<\/span><\/p>\n<p style=\"text-align: justify;\"><span style=\"font-family: tahoma, arial, helvetica, sans-serif;\">Am Ende jedes Abschnitts finden Fragen und Antworten statt.<\/span><\/p>\n<p style=\"text-align: justify;\"><a href=\"http:\/\/azadegy.de\/jalasekarvkargar4jul2020\/4.mp3\"><span style=\"font-family: tahoma, arial, helvetica, sans-serif;\">Die \u00f6ffentliche Diskussion:<\/span><\/a><br \/>\n<span style=\"font-family: tahoma, arial, helvetica, sans-serif;\">Arbeitskr\u00e4fte mit Immigrationshintergrund im Iran <\/span><\/p>\n","protected":false},"excerpt":{"rendered":"<p>Die Sitzung der Mitglieder des Arbeitnehmer- und Arbeitsschutz Verteidigungsausschuss fand am 04.Juli.2020 um 16:00 Uhr mitteleurop\u00e4ischer Zeit in Anwesenheit von Mitgliedern des t\u00fcrkischen Kunst- und Repr\u00e4sentationsausschusses und einer Gruppe von Menschenrechtsaktivisten und anderen G\u00e4sten im Paltak App statt. Referenten und das Thema der Vortr\u00e4ge:<\/p><p><a class=\"more-link btn\" href=\"https:\/\/deutsch.bashariyat.org\/?p=3437\">Weiterlesen<\/a><\/p>\n","protected":false},"author":2,"featured_media":0,"comment_status":"closed","ping_status":"closed","sticky":false,"template":"","format":"standard","meta":{"footnotes":""},"categories":[11],"tags":[],"class_list":["post-3437","post","type-post","status-publish","format-standard","hentry","category-sitzungsberichte","item-wrap"],"_links":{"self":[{"href":"https:\/\/deutsch.bashariyat.org\/index.php?rest_route=\/wp\/v2\/posts\/3437","targetHints":{"allow":["GET"]}}],"collection":[{"href":"https:\/\/deutsch.bashariyat.org\/index.php?rest_route=\/wp\/v2\/posts"}],"about":[{"href":"https:\/\/deutsch.bashariyat.org\/index.php?rest_route=\/wp\/v2\/types\/post"}],"author":[{"embeddable":true,"href":"https:\/\/deutsch.bashariyat.org\/index.php?rest_route=\/wp\/v2\/users\/2"}],"replies":[{"embeddable":true,"href":"https:\/\/deutsch.bashariyat.org\/index.php?rest_route=%2Fwp%2Fv2%2Fcomments&post=3437"}],"version-history":[{"count":2,"href":"https:\/\/deutsch.bashariyat.org\/index.php?rest_route=\/wp\/v2\/posts\/3437\/revisions"}],"predecessor-version":[{"id":3439,"href":"https:\/\/deutsch.bashariyat.org\/index.php?rest_route=\/wp\/v2\/posts\/3437\/revisions\/3439"}],"wp:attachment":[{"href":"https:\/\/deutsch.bashariyat.org\/index.php?rest_route=%2Fwp%2Fv2%2Fmedia&parent=3437"}],"wp:term":[{"taxonomy":"category","embeddable":true,"href":"https:\/\/deutsch.bashariyat.org\/index.php?rest_route=%2Fwp%2Fv2%2Fcategories&post=3437"},{"taxonomy":"post_tag","embeddable":true,"href":"https:\/\/deutsch.bashariyat.org\/index.php?rest_route=%2Fwp%2Fv2%2Ftags&post=3437"}],"curies":[{"name":"wp","href":"https:\/\/api.w.org\/{rel}","templated":true}]}}