{"id":3450,"date":"2020-08-11T21:07:54","date_gmt":"2020-08-11T19:07:54","guid":{"rendered":"https:\/\/deutsch.bashariyat.org\/?p=3450"},"modified":"2020-08-19T21:09:38","modified_gmt":"2020-08-19T19:09:38","slug":"einladung-zur-sitzung-skandinavischer-repraesentation-am-16-aug-2020","status":"publish","type":"post","link":"https:\/\/deutsch.bashariyat.org\/?p=3450","title":{"rendered":"Einladung zur Sitzung Skandinavischer Repr\u00e4sentation am 16.Aug.2020"},"content":{"rendered":"<p style=\"text-align: center;\"><span style=\"font-family: tahoma, arial, helvetica, sans-serif; font-size: 14pt;\">Eine Ma\u00dfnahme f\u00fcr Bewusstsein und Gerechtigkeit im Iran<\/span><\/p>\n<p style=\"text-align: center;\"><span style=\"font-family: tahoma, arial, helvetica, sans-serif; font-size: 14pt; color: #ff0000;\">Vortrag, Fragen und Antworten, Diskussionen und Unterhalten<\/span><\/p>\n<p style=\"text-align: justify;\"><span style=\"font-family: tahoma, arial, helvetica, sans-serif;\">Referenten und das Thema der Vortr\u00e4ge:<\/span><!--more--><\/p>\n<p style=\"text-align: justify;\"><span style=\"font-family: tahoma, arial, helvetica, sans-serif;\">Reza Abbasi Zamanabadi :<\/span><br \/>\n<span style=\"font-family: tahoma, arial, helvetica, sans-serif;\">Bericht und Analyse der Menschenrechteverletzungen der Anh\u00e4nger Religionen im Juli\/August 2020<\/span><\/p>\n<p style=\"text-align: justify;\"><span style=\"font-family: tahoma, arial, helvetica, sans-serif;\">Naser Norouzi :<\/span><br \/>\n<span style=\"font-family: tahoma, arial, helvetica, sans-serif;\">\u00dcberpr\u00fcfung des Artikels 14 der Allgemeinen Erkl\u00e4rung der Menschenrechte Und dessen Vergleich mit der Verfassung der Islamischen Republik Iran<\/span><\/p>\n<p style=\"text-align: justify;\"><span style=\"font-family: tahoma, arial, helvetica, sans-serif;\">Manoochehr Shafaei :<\/span><br \/>\n<span style=\"font-family: tahoma, arial, helvetica, sans-serif;\">Todesurteil<\/span><\/p>\n<p style=\"text-align: justify;\"><span style=\"font-family: tahoma, arial, helvetica, sans-serif;\">Saman Farahzad :<\/span><br \/>\n<span style=\"font-family: tahoma, arial, helvetica, sans-serif;\">Corona und die Islamische Republik Iran<\/span><br \/>\n<span style=\"font-family: tahoma, arial, helvetica, sans-serif;\">Nouri Sharifi :<\/span><br \/>\n<span style=\"font-family: tahoma, arial, helvetica, sans-serif;\">Ziviler Ungehorsam<\/span><\/p>\n<p style=\"text-align: justify;\"><span style=\"font-family: tahoma, arial, helvetica, sans-serif;\">Am Ende jedes Abschnitts finden Fragen und Antworten statt.<\/span><br \/>\n<span style=\"font-family: tahoma, arial, helvetica, sans-serif;\">Die \u00f6ffentliche Diskussion(Unter der Leitung von Herrn Hadi Dartomi): <\/span><br \/>\n<span style=\"font-family: tahoma, arial, helvetica, sans-serif;\">Kindheit in der Islamischen Republik Iran<\/span><\/p>\n<p style=\"text-align: justify;\"><span style=\"font-family: tahoma, arial, helvetica, sans-serif;\">Die Planung und die Prognose f\u00fcr die Aktivit\u00e4ten des n\u00e4chsten Monats<\/span><\/p>\n<p style=\"text-align: justify;\"><span style=\"font-family: tahoma, arial, helvetica, sans-serif;\">Zeit: Sonntag, 16.Aug.2020 um 20 Uhr MEZ<\/span><br \/>\n<span style=\"font-family: tahoma, arial, helvetica, sans-serif;\">Veranstaltungsort: Paltalk Civic, Workplace der Repr\u00e4sentation von Skandinavien<\/span><br \/>\n<span style=\"font-family: tahoma, arial, helvetica, sans-serif;\">Paltalk; View all<\/span><br \/>\n<span style=\"font-family: tahoma, arial, helvetica, sans-serif;\">Social Issues and Politics<\/span><br \/>\n<span style=\"font-family: tahoma, arial, helvetica, sans-serif;\">Human Rights<\/span><br \/>\n<span style=\"font-family: tahoma, arial, helvetica, sans-serif;\">Kanoon Defa az Hoghogh Bashar dar Iran Scandinavia<\/span><\/p>\n<p style=\"text-align: justify;\"><span style=\"font-family: tahoma, arial, helvetica, sans-serif;\">Unsere Kollegen und Aktivisten, die uns bei diesem Treffen helfen:<\/span><br \/>\n<span style=\"font-family: tahoma, arial, helvetica, sans-serif;\">Verantwortlich f\u00fcr die Sitzung: Hadi Dartomi<\/span><br \/>\n<span style=\"font-family: tahoma, arial, helvetica, sans-serif;\">Sekret\u00e4r der Sitzung: Reza Abbasi Zamanabadi<\/span><br \/>\n<span style=\"font-family: tahoma, arial, helvetica, sans-serif;\">Tonaufnahme: Mohammadhasan Hasanzadehmehrabadi<\/span><br \/>\n<span style=\"font-family: tahoma, arial, helvetica, sans-serif;\">Admins: Reza Abbasi Zamanabadi, Mahmoud Havalat, Sam Jabbari Kermani, Naser Norouzi<\/span><\/p>\n<p style=\"text-align: justify;\"><span style=\"font-family: tahoma, arial, helvetica, sans-serif;\">Vereinigung zur Verteidigung der Menschenrechte im Iran e.V.<\/span><\/p>\n<p style=\"text-align: justify;\"><span style=\"font-family: tahoma, arial, helvetica, sans-serif;\">Repr\u00e4sentation von Skandinavien<\/span><\/p>\n<p style=\"text-align: justify;\"><span style=\"font-family: tahoma, arial, helvetica, sans-serif;\">Der \u00dcbersetzer: Mohammadhasan Hasanzadehmehrabadi<\/span><\/p>\n","protected":false},"excerpt":{"rendered":"<p>Eine Ma\u00dfnahme f\u00fcr Bewusstsein und Gerechtigkeit im Iran Vortrag, Fragen und Antworten, Diskussionen und Unterhalten Referenten und das Thema der Vortr\u00e4ge:<\/p><p><a class=\"more-link btn\" href=\"https:\/\/deutsch.bashariyat.org\/?p=3450\">Weiterlesen<\/a><\/p>\n","protected":false},"author":2,"featured_media":0,"comment_status":"closed","ping_status":"closed","sticky":false,"template":"","format":"standard","meta":{"footnotes":""},"categories":[10],"tags":[],"class_list":["post-3450","post","type-post","status-publish","format-standard","hentry","category-rueckruf","item-wrap"],"_links":{"self":[{"href":"https:\/\/deutsch.bashariyat.org\/index.php?rest_route=\/wp\/v2\/posts\/3450","targetHints":{"allow":["GET"]}}],"collection":[{"href":"https:\/\/deutsch.bashariyat.org\/index.php?rest_route=\/wp\/v2\/posts"}],"about":[{"href":"https:\/\/deutsch.bashariyat.org\/index.php?rest_route=\/wp\/v2\/types\/post"}],"author":[{"embeddable":true,"href":"https:\/\/deutsch.bashariyat.org\/index.php?rest_route=\/wp\/v2\/users\/2"}],"replies":[{"embeddable":true,"href":"https:\/\/deutsch.bashariyat.org\/index.php?rest_route=%2Fwp%2Fv2%2Fcomments&post=3450"}],"version-history":[{"count":2,"href":"https:\/\/deutsch.bashariyat.org\/index.php?rest_route=\/wp\/v2\/posts\/3450\/revisions"}],"predecessor-version":[{"id":3452,"href":"https:\/\/deutsch.bashariyat.org\/index.php?rest_route=\/wp\/v2\/posts\/3450\/revisions\/3452"}],"wp:attachment":[{"href":"https:\/\/deutsch.bashariyat.org\/index.php?rest_route=%2Fwp%2Fv2%2Fmedia&parent=3450"}],"wp:term":[{"taxonomy":"category","embeddable":true,"href":"https:\/\/deutsch.bashariyat.org\/index.php?rest_route=%2Fwp%2Fv2%2Fcategories&post=3450"},{"taxonomy":"post_tag","embeddable":true,"href":"https:\/\/deutsch.bashariyat.org\/index.php?rest_route=%2Fwp%2Fv2%2Ftags&post=3450"}],"curies":[{"name":"wp","href":"https:\/\/api.w.org\/{rel}","templated":true}]}}