{"id":3453,"date":"2020-08-02T21:10:10","date_gmt":"2020-08-02T19:10:10","guid":{"rendered":"https:\/\/deutsch.bashariyat.org\/?p=3453"},"modified":"2020-08-19T21:10:55","modified_gmt":"2020-08-19T19:10:55","slug":"einladung-zur-sitzung-des-verteidigungsausschuss-der-anhaenger-der-religionen-rechte-im-iran-am-09-aug-2020","status":"publish","type":"post","link":"https:\/\/deutsch.bashariyat.org\/?p=3453","title":{"rendered":"Einladung zur Sitzung des Verteidigungsausschuss der Anh\u00e4nger der Religionen-Rechte im Iran am 09.Aug.2020"},"content":{"rendered":"<p style=\"text-align: center;\"><span style=\"font-family: tahoma, arial, helvetica, sans-serif;\">Eine Bewegung f\u00fcr Bewusstsein und Gerechtigkeit im Iran<\/span><\/p>\n<p style=\"text-align: center;\"><span style=\"font-family: tahoma, arial, helvetica, sans-serif; color: #ff0000;\">Vortrag, Fragen und Antworten, Diskussionen und Unterhalten<\/span><\/p>\n<p style=\"text-align: justify;\"><span style=\"font-family: tahoma, arial, helvetica, sans-serif;\">Referenten und das Thema der Vortr\u00e4ge:<\/span><!--more--><\/p>\n<p style=\"text-align: justify;\"><span style=\"font-family: tahoma, arial, helvetica, sans-serif;\">Sousan Zakerinejad Sardarreh :<\/span><br \/>\n<span style=\"font-family: tahoma, arial, helvetica, sans-serif;\">Bericht und Analyse der Menschenrechteverletzungen der Anh\u00e4nger Religionen im Juni\/Juli 2020<\/span><\/p>\n<p style=\"text-align: justify;\"><span style=\"font-family: tahoma, arial, helvetica, sans-serif;\">Faezeh Alimohammadi :<\/span><br \/>\n<span style=\"font-family: tahoma, arial, helvetica, sans-serif;\">\u00dcberpr\u00fcfung des Artikels 8 der Allgemeinen Erkl\u00e4rung der Menschenrechte Und dessen Vergleich mit der Verfassung der Islamischen Republik Iran<\/span><\/p>\n<p style=\"text-align: justify;\"><span style=\"font-family: tahoma, arial, helvetica, sans-serif;\">Sam Jabbari Kermani :<\/span><br \/>\n<span style=\"font-family: tahoma, arial, helvetica, sans-serif;\">Der Baha&#8217;i-Glaube im Iran<\/span><\/p>\n<p style=\"text-align: justify;\"><span style=\"font-family: tahoma, arial, helvetica, sans-serif;\">Gholamali Norouzpour :<\/span><br \/>\n<span style=\"font-family: tahoma, arial, helvetica, sans-serif;\">Das Recht auf Gleichheit in der Islamischen Republik Iran<\/span><\/p>\n<p style=\"text-align: justify;\"><span style=\"font-family: tahoma, arial, helvetica, sans-serif;\">Rasoul Abbasi Zamanabadi :<\/span><br \/>\n<span style=\"font-family: tahoma, arial, helvetica, sans-serif;\">Arbeitsplatzsicherheit anderer Anh\u00e4nger von Religionen im Iran<\/span><\/p>\n<p style=\"text-align: justify;\">\n<span style=\"font-family: tahoma, arial, helvetica, sans-serif;\">Ihre Meinungen, Ihre Fragen und Antworten am Ende jedes Abschnitts bringen uns unseren gemeinsamen Zielen n\u00e4her.<\/span><br \/>\n<span style=\"font-family: tahoma, arial, helvetica, sans-serif;\">Die \u00f6ffentliche Diskussion (Unter der Leitung von Herrn Naser Norouzi Barkousaraei) :<\/span><br \/>\n<span style=\"font-family: tahoma, arial, helvetica, sans-serif;\">Recht auf Leben (Hinrichtung politischer Gefangener im Sommer 1988)<\/span><\/p>\n<p style=\"text-align: justify;\"><span style=\"font-family: tahoma, arial, helvetica, sans-serif;\">Die Planung und die Prognose f\u00fcr die Aktivit\u00e4ten des n\u00e4chsten Monats<\/span><\/p>\n<p style=\"text-align: justify;\"><span style=\"font-family: tahoma, arial, helvetica, sans-serif;\">Zeit: Sonntag, 09.Aug.2020, um 17:00 Uhr MEZ<\/span><br \/>\n<span style=\"font-family: tahoma, arial, helvetica, sans-serif;\">Veranstaltungsort: Paltalk Civic, Workplace des Verteidigungsausschuss der Anh\u00e4nger der Religionen-Rechte<\/span><br \/>\n<span style=\"font-family: tahoma, arial, helvetica, sans-serif;\">Paltalk; View all<\/span><br \/>\n<span style=\"font-family: tahoma, arial, helvetica, sans-serif;\">Social, Issues and Politics<\/span><br \/>\n<span style=\"font-family: tahoma, arial, helvetica, sans-serif;\">Human Rights<\/span><br \/>\n<span style=\"font-family: tahoma, arial, helvetica, sans-serif;\">Kanoon Defa az Hoghogh Bashar dar Iran, Komitteh Adian<\/span><\/p>\n<p style=\"text-align: justify;\"><span style=\"font-family: tahoma, arial, helvetica, sans-serif;\">Unsere Kollegen und Aktivisten, die uns bei diesem Treffen helfen:<\/span><br \/>\n<span style=\"font-family: tahoma, arial, helvetica, sans-serif;\">Verantwortlich f\u00fcr die Sitzung: Reza Abbasi Zamanabadi<\/span><br \/>\n<span style=\"font-family: tahoma, arial, helvetica, sans-serif;\">Sekret\u00e4r\/in der Sitzung: Mehrnoush Imani Chegeni <\/span><br \/>\n<span style=\"font-family: tahoma, arial, helvetica, sans-serif;\">Tonaufnahme: Rasoul Abbasi Zamanabadi, Hashem Rezaee<\/span><br \/>\n<span style=\"font-family: tahoma, arial, helvetica, sans-serif;\">Admins: Sam Jabbari Kermani, Reza Abbasi Zamanabadi, Hadi Dartomi, Rasoul Abbasi Zamanabadi<\/span><\/p>\n<p style=\"text-align: justify;\"><span style=\"font-family: tahoma, arial, helvetica, sans-serif;\">Vereinigung zur Verteidigung der Menschenrechte im Iran<\/span><\/p>\n<p style=\"text-align: justify;\"><span style=\"font-family: tahoma, arial, helvetica, sans-serif;\">Ausschuss f\u00fcr die Anh\u00e4nger der Religionen<\/span><\/p>\n<p style=\"text-align: justify;\"><span style=\"font-family: tahoma, arial, helvetica, sans-serif;\">Der \u00dcbersetzer: Mohammadhasan Hasanzadehmehrabadi<\/span><\/p>\n","protected":false},"excerpt":{"rendered":"<p>Eine Bewegung f\u00fcr Bewusstsein und Gerechtigkeit im Iran Vortrag, Fragen und Antworten, Diskussionen und Unterhalten Referenten und das Thema der Vortr\u00e4ge:<\/p><p><a class=\"more-link btn\" href=\"https:\/\/deutsch.bashariyat.org\/?p=3453\">Weiterlesen<\/a><\/p>\n","protected":false},"author":2,"featured_media":0,"comment_status":"closed","ping_status":"closed","sticky":false,"template":"","format":"standard","meta":{"footnotes":""},"categories":[10],"tags":[],"class_list":["post-3453","post","type-post","status-publish","format-standard","hentry","category-rueckruf","item-wrap"],"_links":{"self":[{"href":"https:\/\/deutsch.bashariyat.org\/index.php?rest_route=\/wp\/v2\/posts\/3453","targetHints":{"allow":["GET"]}}],"collection":[{"href":"https:\/\/deutsch.bashariyat.org\/index.php?rest_route=\/wp\/v2\/posts"}],"about":[{"href":"https:\/\/deutsch.bashariyat.org\/index.php?rest_route=\/wp\/v2\/types\/post"}],"author":[{"embeddable":true,"href":"https:\/\/deutsch.bashariyat.org\/index.php?rest_route=\/wp\/v2\/users\/2"}],"replies":[{"embeddable":true,"href":"https:\/\/deutsch.bashariyat.org\/index.php?rest_route=%2Fwp%2Fv2%2Fcomments&post=3453"}],"version-history":[{"count":1,"href":"https:\/\/deutsch.bashariyat.org\/index.php?rest_route=\/wp\/v2\/posts\/3453\/revisions"}],"predecessor-version":[{"id":3454,"href":"https:\/\/deutsch.bashariyat.org\/index.php?rest_route=\/wp\/v2\/posts\/3453\/revisions\/3454"}],"wp:attachment":[{"href":"https:\/\/deutsch.bashariyat.org\/index.php?rest_route=%2Fwp%2Fv2%2Fmedia&parent=3453"}],"wp:term":[{"taxonomy":"category","embeddable":true,"href":"https:\/\/deutsch.bashariyat.org\/index.php?rest_route=%2Fwp%2Fv2%2Fcategories&post=3453"},{"taxonomy":"post_tag","embeddable":true,"href":"https:\/\/deutsch.bashariyat.org\/index.php?rest_route=%2Fwp%2Fv2%2Ftags&post=3453"}],"curies":[{"name":"wp","href":"https:\/\/api.w.org\/{rel}","templated":true}]}}