{"id":3456,"date":"2020-08-03T21:12:02","date_gmt":"2020-08-03T19:12:02","guid":{"rendered":"https:\/\/deutsch.bashariyat.org\/?p=3456"},"modified":"2020-08-19T21:16:39","modified_gmt":"2020-08-19T19:16:39","slug":"audio-sitzungsbericht-der-monatlichen-sitzung-der-repraesentation-von-hessen-am-26-juli-2020","status":"publish","type":"post","link":"https:\/\/deutsch.bashariyat.org\/?p=3456","title":{"rendered":"Audio-Sitzungsbericht der monatlichen Sitzung der Repr\u00e4sentation von Hessen  am 26.Juli 2020"},"content":{"rendered":"<p style=\"text-align: justify;\"><span style=\"font-family: tahoma, arial, helvetica, sans-serif;\">Die monatliche Online-Sitzung der Repr\u00e4sentation von Hessen fand am 26.Jul.2020 um 18:00 Uhr mitteleurop\u00e4ischer Zeit statt, an der einige Mitglieder der Repr\u00e4sentation von Hessen sowie eine Gruppe von Hessen lebenden Iranern und Kollegen unserer Vereinigung zur Verteidigung der Menschenrechte im Iran durch den Paltak-Raum teilnahmen. In dieser Online-Sitzung sprachen die Mitglieder \u00fcber Bericht und Analyse der Menschenrechteverletzungen im l\u00e4tzten Monat, \u00dcberpr\u00fcfung der Allgemeinen Erkl\u00e4rung der Menschenrechte Und dessen Vergleich mit der Verfassung der Islamischen Republik Iran, Nelson Mandela Internationaler Tag und der Welttag der Sklaverei Abschaffen.<\/span><\/p>\n<p style=\"text-align: justify;\"><span style=\"font-family: tahoma, arial, helvetica, sans-serif;\">Am Ende der Online-Sitzung diskutierten uns tauschten die Teilnehmer \u00fcber das Recht auf eine sch\u00f6ne und freie Welt f\u00fcr alle aus. Interessierte k\u00f6nnen die Audiodatei dieser Vortr\u00e4ge \u00fcber die folgenden Links anh\u00f6ren:<\/span><\/p>\n<p style=\"text-align: justify;\"><img decoding=\"async\" src=\"https:\/\/seda-tasvir.bashariyat.org\/wp-content\/uploads\/2020\/08\/photo_2020-08-02_14-25-33.jpg\" \/><!--more--><\/p>\n<p style=\"text-align: justify;\">\n<p style=\"text-align: justify;\"><a href=\"http:\/\/azadegy.de\/jalasegisen28jul2020\/4.mp3\"><span style=\"font-family: tahoma, arial, helvetica, sans-serif;\"><strong>Davood Vahidi <\/strong><strong>:<\/strong> Bericht und Analyse der Menschenrechteverletzungen im Juni\/Juli 2020<\/span><\/a><\/p>\n<p style=\"text-align: justify;\">\n<p style=\"text-align: justify;\"><a href=\"http:\/\/azadegy.de\/jalasegisen28jul2020\/2.mp3\"><span style=\"font-family: tahoma, arial, helvetica, sans-serif;\"><strong>Narges Mohammadi<\/strong> <strong>\u00a0<\/strong><strong>:<\/strong>\u00dcberpr\u00fcfung des Artikels 10 der Allgemeinen Erkl\u00e4rung der Menschenrechte Und dessen Vergleich mit der Verfassung der Islamischen Republik Iran<\/span><\/a><\/p>\n<p style=\"text-align: justify;\"><span style=\"font-family: tahoma, arial, helvetica, sans-serif;\"><strong>\u00a0<\/strong><\/span><\/p>\n<p style=\"text-align: justify;\"><a href=\"http:\/\/azadegy.de\/jalasegisen28jul2020\/3.mp3\"><span style=\"font-family: tahoma, arial, helvetica, sans-serif;\"><strong>Mahdieh Morad <\/strong><strong>\u00a0:<\/strong>Nelson Mandela Internationaler Tag<\/span><\/a><\/p>\n<p style=\"text-align: justify;\">\n<p style=\"text-align: justify;\"><a href=\"http:\/\/azadegy.de\/jalasegisen28jul2020\/5.mp3\"><span style=\"font-family: tahoma, arial, helvetica, sans-serif;\"><strong>Behnam Ghorbanzadeh <\/strong><strong>\u00a0:<\/strong>Der Welttag der Sklaverei Abschaffen<\/span><\/a><\/p>\n<p style=\"text-align: justify;\">\n<p style=\"text-align: justify;\"><a href=\"http:\/\/azadegy.de\/jalasegisen28jul2020\/1.mp3\"><span style=\"font-family: tahoma, arial, helvetica, sans-serif;\"><strong>Die \u00f6ffentliche Diskussion : <\/strong>Das Recht auf eine sch\u00f6ne und freie Welt f\u00fcr alle<\/span><\/a><\/p>\n<p style=\"text-align: justify;\">\n<p style=\"text-align: justify;\">\n<p style=\"text-align: justify;\">\n<p style=\"text-align: justify;\">\n<p style=\"text-align: justify;\">\n<p style=\"text-align: justify;\"><span style=\"font-family: tahoma, arial, helvetica, sans-serif;\">Der \u00dcbersetzer: Mohammadhasan Hasanzadehmehrabadi<\/span><\/p>\n<p style=\"text-align: justify;\">\n","protected":false},"excerpt":{"rendered":"<p>Die monatliche Online-Sitzung der Repr\u00e4sentation von Hessen fand am 26.Jul.2020 um 18:00 Uhr mitteleurop\u00e4ischer Zeit statt, an der einige Mitglieder der Repr\u00e4sentation von Hessen sowie eine Gruppe von Hessen lebenden Iranern und Kollegen unserer Vereinigung zur Verteidigung der Menschenrechte im Iran durch den Paltak-Raum teilnahmen. In dieser Online-Sitzung sprachen die Mitglieder \u00fcber Bericht und Analyse &hellip; <\/p>\n<p><a class=\"more-link btn\" href=\"https:\/\/deutsch.bashariyat.org\/?p=3456\">Weiterlesen<\/a><\/p>\n","protected":false},"author":2,"featured_media":0,"comment_status":"closed","ping_status":"closed","sticky":false,"template":"","format":"standard","meta":{"footnotes":""},"categories":[11],"tags":[],"class_list":["post-3456","post","type-post","status-publish","format-standard","hentry","category-sitzungsberichte","item-wrap"],"_links":{"self":[{"href":"https:\/\/deutsch.bashariyat.org\/index.php?rest_route=\/wp\/v2\/posts\/3456","targetHints":{"allow":["GET"]}}],"collection":[{"href":"https:\/\/deutsch.bashariyat.org\/index.php?rest_route=\/wp\/v2\/posts"}],"about":[{"href":"https:\/\/deutsch.bashariyat.org\/index.php?rest_route=\/wp\/v2\/types\/post"}],"author":[{"embeddable":true,"href":"https:\/\/deutsch.bashariyat.org\/index.php?rest_route=\/wp\/v2\/users\/2"}],"replies":[{"embeddable":true,"href":"https:\/\/deutsch.bashariyat.org\/index.php?rest_route=%2Fwp%2Fv2%2Fcomments&post=3456"}],"version-history":[{"count":1,"href":"https:\/\/deutsch.bashariyat.org\/index.php?rest_route=\/wp\/v2\/posts\/3456\/revisions"}],"predecessor-version":[{"id":3457,"href":"https:\/\/deutsch.bashariyat.org\/index.php?rest_route=\/wp\/v2\/posts\/3456\/revisions\/3457"}],"wp:attachment":[{"href":"https:\/\/deutsch.bashariyat.org\/index.php?rest_route=%2Fwp%2Fv2%2Fmedia&parent=3456"}],"wp:term":[{"taxonomy":"category","embeddable":true,"href":"https:\/\/deutsch.bashariyat.org\/index.php?rest_route=%2Fwp%2Fv2%2Fcategories&post=3456"},{"taxonomy":"post_tag","embeddable":true,"href":"https:\/\/deutsch.bashariyat.org\/index.php?rest_route=%2Fwp%2Fv2%2Ftags&post=3456"}],"curies":[{"name":"wp","href":"https:\/\/api.w.org\/{rel}","templated":true}]}}