{"id":3487,"date":"2020-08-22T00:12:56","date_gmt":"2020-08-21T22:12:56","guid":{"rendered":"https:\/\/deutsch.bashariyat.org\/?p=3487"},"modified":"2020-09-03T00:13:59","modified_gmt":"2020-09-02T22:13:59","slug":"aufruf-zur-kandidatur-und-teilnahme-an-wahlen-medienabteilung-und-zeitschrift-des-zentrums-fuer-die-verteidigung-der-menschenrechte-im-iran","status":"publish","type":"post","link":"https:\/\/deutsch.bashariyat.org\/?p=3487","title":{"rendered":"Aufruf zur Kandidatur und Teilnahme an Wahlen (Medienabteilung und Zeitschrift ) des Zentrums f\u00fcr die Verteidigung der Menschenrechte im Iran"},"content":{"rendered":"<p style=\"text-align: center;\">Aufruf zur Kandidatur und Teilnahme an Wahlen<\/p>\n<p style=\"text-align: center;\">\u00a0Verantwortlich f\u00fcr Medienabteilung und Zeitschrift<\/p>\n<p>\u00a0Informiert:<!--more--><\/p>\n<p>Am 6. September 2020, zum Zeitpunkt der monatlichen Generalversammlung (basierend auf der vorherigen monatlichen Allgemeinversammlung), werden erstmals Wahlen f\u00fcr den Dreimonatszeitraum von Oktober bis Januar 2021 abgehalten, um die f\u00fcr Medienabteilung zust\u00e4ndige Person und die f\u00fcr die monatliche Allgemeinversammlung zust\u00e4ndige Person zu ernennen.\u00a0 Die Verantwortlichkeiten in den oben genannten Abschnitten werden gebeten, ihre Bereitschaft bis Sonntag, 6. September 2020, 14.00 Uhr per E-Mail an die \u00d6ffentlichkeitsarbeit oder den Verwaltungsrat bekannt zu geben.<\/p>\n<p>info@bashariyat.org<\/p>\n<p>ravabet@bashariyat.org<\/p>\n<p>Abstimmungszeit und Wahl der Beamten 6. September von 14.30 bis 16.00 Uhr<\/p>\n<p>Ort: Die offizielle Website des Zentrums f\u00fcr die Verteidigung der Menschenrechte im Iran<\/p>\n<p>www.bashariyat.org<\/p>\n<p>Nat\u00fcrlich wird Ihre Kandidatur und Pr\u00e4senz eine \u00dcbung f\u00fcr Wachstum und Demokratie sein, und alle Mitglieder des Zentrums f\u00fcr die Verteidigung der Menschenrechte im Iran werden eingeladen, an diesen Wahlen teilzunehmen.<\/p>\n<p>\u00d6ffentlichkeitsarbeit<\/p>\n<p>Zentrum f\u00fcr die Verteidigung der Menschenrechte im Iran<\/p>\n<p>&nbsp;<\/p>\n<p>\u00dcbersetzerin: Faezeh Rezaei<\/p>\n","protected":false},"excerpt":{"rendered":"<p>Aufruf zur Kandidatur und Teilnahme an Wahlen \u00a0Verantwortlich f\u00fcr Medienabteilung und Zeitschrift \u00a0Informiert:<\/p><p><a class=\"more-link btn\" href=\"https:\/\/deutsch.bashariyat.org\/?p=3487\">Weiterlesen<\/a><\/p>\n","protected":false},"author":2,"featured_media":0,"comment_status":"closed","ping_status":"closed","sticky":false,"template":"","format":"standard","meta":{"footnotes":""},"categories":[10],"tags":[],"class_list":["post-3487","post","type-post","status-publish","format-standard","hentry","category-rueckruf","item-wrap"],"_links":{"self":[{"href":"https:\/\/deutsch.bashariyat.org\/index.php?rest_route=\/wp\/v2\/posts\/3487","targetHints":{"allow":["GET"]}}],"collection":[{"href":"https:\/\/deutsch.bashariyat.org\/index.php?rest_route=\/wp\/v2\/posts"}],"about":[{"href":"https:\/\/deutsch.bashariyat.org\/index.php?rest_route=\/wp\/v2\/types\/post"}],"author":[{"embeddable":true,"href":"https:\/\/deutsch.bashariyat.org\/index.php?rest_route=\/wp\/v2\/users\/2"}],"replies":[{"embeddable":true,"href":"https:\/\/deutsch.bashariyat.org\/index.php?rest_route=%2Fwp%2Fv2%2Fcomments&post=3487"}],"version-history":[{"count":1,"href":"https:\/\/deutsch.bashariyat.org\/index.php?rest_route=\/wp\/v2\/posts\/3487\/revisions"}],"predecessor-version":[{"id":3489,"href":"https:\/\/deutsch.bashariyat.org\/index.php?rest_route=\/wp\/v2\/posts\/3487\/revisions\/3489"}],"wp:attachment":[{"href":"https:\/\/deutsch.bashariyat.org\/index.php?rest_route=%2Fwp%2Fv2%2Fmedia&parent=3487"}],"wp:term":[{"taxonomy":"category","embeddable":true,"href":"https:\/\/deutsch.bashariyat.org\/index.php?rest_route=%2Fwp%2Fv2%2Fcategories&post=3487"},{"taxonomy":"post_tag","embeddable":true,"href":"https:\/\/deutsch.bashariyat.org\/index.php?rest_route=%2Fwp%2Fv2%2Ftags&post=3487"}],"curies":[{"name":"wp","href":"https:\/\/api.w.org\/{rel}","templated":true}]}}