{"id":3507,"date":"2020-08-27T21:13:19","date_gmt":"2020-08-27T19:13:19","guid":{"rendered":"https:\/\/deutsch.bashariyat.org\/?p=3507"},"modified":"2020-09-07T21:15:13","modified_gmt":"2020-09-07T19:15:13","slug":"audio-und-videoclip-der-studentenbewegung-7-juli-live-instagram-7-juli-2020","status":"publish","type":"post","link":"https:\/\/deutsch.bashariyat.org\/?p=3507","title":{"rendered":"Audio- und Videoclip der Studentenbewegung 7. Juli, Live Instagram 7. Juli 2020\u00a0"},"content":{"rendered":"<p style=\"text-align: justify;\"><span style=\"font-family: tahoma, arial, helvetica, sans-serif;\">\u00a0Der Vorfall vom 9. Juli oder der Angriff auf den Schlafsaal der Universit\u00e4t Teheran war in der Tat ein Zusammensto\u00df zwischen Studenten, Strafverfolgungsbeamten und sogenannten Pers\u00f6nlichkeiten der Regierung der Islamischen Republik Iran zwischen Freitag, dem 18. und Mittwoch, dem 23. Juli 1999.\u00a0 Sie wurden bei diesem Vorfall get\u00f6tet.\u00a0 Das Auge eines Studenten wurde von einer Evakuierungskugel getroffen, gebrochene Gliedma\u00dfen und eine gro\u00dfe Anzahl von Studenten wurden geschlagen und festgenommen. Dieser Vorfall wird auch als die gr\u00f6\u00dfte Herausforderung der Studentenbewegung im Iran nach der Revolution von 1978 bezeichnet.<\/span><\/p>\n<div class=\"embed-container\"><iframe loading=\"lazy\" title=\"\u062c\u0646\u0628\u0634 \u062f\u0627\u0646\u0634\u062c\u0648\u06cc\u06cc \u06f1\u06f8 \u062a\u06cc\u0631\u060c \u0644\u0627\u06cc\u0648 \u0627\u06cc\u0646\u0633\u062a\u0627\u06af\u0631\u0627\u0645 \u06f7 \u062c\u0648\u0644\u0627\u06cc \u06f2\u06f0\u06f2\u06f0\" width=\"1170\" height=\"658\" src=\"https:\/\/www.youtube.com\/embed\/keWWFm8W0eE?feature=oembed\" frameborder=\"0\" allow=\"accelerometer; autoplay; clipboard-write; encrypted-media; gyroscope; picture-in-picture; web-share\" referrerpolicy=\"strict-origin-when-cross-origin\" allowfullscreen><\/iframe><\/div>\n<p>&nbsp;<\/p>\n<p>&nbsp;<\/p>\n","protected":false},"excerpt":{"rendered":"<p>\u00a0Der Vorfall vom 9. Juli oder der Angriff auf den Schlafsaal der Universit\u00e4t Teheran war in der Tat ein Zusammensto\u00df zwischen Studenten, Strafverfolgungsbeamten und sogenannten Pers\u00f6nlichkeiten der Regierung der Islamischen Republik Iran zwischen Freitag, dem 18. und Mittwoch, dem 23. Juli 1999.\u00a0 Sie wurden bei diesem Vorfall get\u00f6tet.\u00a0 Das Auge eines Studenten wurde von einer &hellip; <\/p>\n<p><a class=\"more-link btn\" href=\"https:\/\/deutsch.bashariyat.org\/?p=3507\">Weiterlesen<\/a><\/p>\n","protected":false},"author":2,"featured_media":0,"comment_status":"closed","ping_status":"closed","sticky":false,"template":"","format":"standard","meta":{"footnotes":""},"categories":[17],"tags":[],"class_list":["post-3507","post","type-post","status-publish","format-standard","hentry","category-videoclip","item-wrap"],"_links":{"self":[{"href":"https:\/\/deutsch.bashariyat.org\/index.php?rest_route=\/wp\/v2\/posts\/3507","targetHints":{"allow":["GET"]}}],"collection":[{"href":"https:\/\/deutsch.bashariyat.org\/index.php?rest_route=\/wp\/v2\/posts"}],"about":[{"href":"https:\/\/deutsch.bashariyat.org\/index.php?rest_route=\/wp\/v2\/types\/post"}],"author":[{"embeddable":true,"href":"https:\/\/deutsch.bashariyat.org\/index.php?rest_route=\/wp\/v2\/users\/2"}],"replies":[{"embeddable":true,"href":"https:\/\/deutsch.bashariyat.org\/index.php?rest_route=%2Fwp%2Fv2%2Fcomments&post=3507"}],"version-history":[{"count":1,"href":"https:\/\/deutsch.bashariyat.org\/index.php?rest_route=\/wp\/v2\/posts\/3507\/revisions"}],"predecessor-version":[{"id":3508,"href":"https:\/\/deutsch.bashariyat.org\/index.php?rest_route=\/wp\/v2\/posts\/3507\/revisions\/3508"}],"wp:attachment":[{"href":"https:\/\/deutsch.bashariyat.org\/index.php?rest_route=%2Fwp%2Fv2%2Fmedia&parent=3507"}],"wp:term":[{"taxonomy":"category","embeddable":true,"href":"https:\/\/deutsch.bashariyat.org\/index.php?rest_route=%2Fwp%2Fv2%2Fcategories&post=3507"},{"taxonomy":"post_tag","embeddable":true,"href":"https:\/\/deutsch.bashariyat.org\/index.php?rest_route=%2Fwp%2Fv2%2Ftags&post=3507"}],"curies":[{"name":"wp","href":"https:\/\/api.w.org\/{rel}","templated":true}]}}