{"id":3525,"date":"2020-08-14T21:58:58","date_gmt":"2020-08-14T19:58:58","guid":{"rendered":"https:\/\/deutsch.bashariyat.org\/?p=3525"},"modified":"2020-09-07T22:00:14","modified_gmt":"2020-09-07T20:00:14","slug":"einladung-zur-sitzung-repraesentation-von-ost-asien-am-21-aug-2020","status":"publish","type":"post","link":"https:\/\/deutsch.bashariyat.org\/?p=3525","title":{"rendered":"Einladung zur Sitzung Repr\u00e4sentation von Ost-Asien am 21.Aug.2020"},"content":{"rendered":"<p style=\"text-align: center;\"><span style=\"font-family: tahoma, arial, helvetica, sans-serif; color: #ff0000;\">Vortrag, Fragen und Antworten, Diskussionen und Unterhalten<\/span><\/p>\n<p style=\"text-align: center;\">\n<p style=\"text-align: center;\"><span style=\"font-family: tahoma, arial, helvetica, sans-serif;\"><strong>Referenten und das Thema der Vortr\u00e4ge:<\/strong><\/span><!--more--><\/p>\n<p style=\"text-align: justify;\"><strong>\u00a0<\/strong><\/p>\n<p style=\"text-align: justify;\">Lida Ashjai:<\/p>\n<p style=\"text-align: justify;\"><strong>Bericht und Analyse der Menschenrechteverletzungen im Juli-Aug 2020 im Iran<\/strong><\/p>\n<p style=\"text-align: justify;\"><strong>\u00a0<\/strong><\/p>\n<p style=\"text-align: justify;\">Mohammad yousef Esmaili:<\/p>\n<p style=\"text-align: justify;\">\u00a0<strong>Artikel 8 \u00dcberpr\u00fcfung der Allgemeinen Erkl\u00e4rung der Menschenrechte Und vergleichen ihn mit der Verfassung der Islamischen Republik Iran<\/strong><\/p>\n<p style=\"text-align: justify;\">\n<p style=\"text-align: justify;\">Najmeh Taghinejad<strong>:<\/strong><\/p>\n<p style=\"text-align: justify;\"><strong>Moderne Sklaverei<\/strong><\/p>\n<p style=\"text-align: justify;\"><strong>\u00a0<\/strong><\/p>\n<p style=\"text-align: justify;\">Mustafa Maryami<strong>:<\/strong><\/p>\n<p style=\"text-align: justify;\"><strong>Welttag des Ureinwohner<\/strong><strong>s<\/strong><\/p>\n<p style=\"text-align: justify;\"><strong>\u00a0<\/strong><\/p>\n<p style=\"text-align: justify;\">Asad Saeedi:<\/p>\n<p style=\"text-align: justify;\"><strong>Das recht auf freies Leben und Sicherheit<\/strong><\/p>\n<p style=\"text-align: justify;\">\n<p style=\"text-align: justify;\"><strong>Die \u00f6ffentliche Diskussion:<\/strong><\/p>\n<p style=\"text-align: justify;\"><strong>Das Recht auf Wohnplatz<\/strong><\/p>\n<p style=\"text-align: justify;\"><strong>Leiter\/in<\/strong>: <strong>Frau Nuri Sharifi<\/strong><\/p>\n<p style=\"text-align: justify;\"><strong>\u00a0<\/strong><\/p>\n<p style=\"text-align: justify;\"><strong>Zeit: <\/strong>21.08.2020, um 15:00 Uhr MEZ<\/p>\n<p style=\"text-align: justify;\"><strong>Veranstaltungsort<\/strong><strong>:<\/strong> Paltalk Civic, Workplace von East-Asia<\/p>\n<p style=\"text-align: justify;\">Paltalk; View all<\/p>\n<p style=\"text-align: justify;\">Social Issues and Politics<\/p>\n<p style=\"text-align: justify;\">Human Rights<\/p>\n<p style=\"text-align: justify;\">Kanoon Defa az Hoghogh Bashar dar Iran, East-Asia<\/p>\n<p style=\"text-align: justify;\">\n<p style=\"text-align: justify;\"><strong>Unsere Kollegen und Aktivisten, die uns bei diesem Treffen helfen:<\/strong><\/p>\n<p style=\"text-align: justify;\"><strong>\u00a0<\/strong><\/p>\n<p style=\"text-align: justify;\"><strong>Verantwortlich f\u00fcr die Sitzung: <\/strong>Mohammad abutalebi<\/p>\n<p style=\"text-align: justify;\"><strong>Sekret\u00e4r der Sitzung:<\/strong>Melika Ahmadi Sabzavari<\/p>\n<p style=\"text-align: justify;\"><strong>Admins: <\/strong>Mohammad Golestanjoo, Mohammad abotalebi, Abolfazl Parvizi<\/p>\n<p style=\"text-align: justify;\"><strong>Tonaufnahme: <\/strong>Abolfarz Parvizi<\/p>\n<p style=\"text-align: justify;\">\n<p style=\"text-align: justify;\"><strong>Vereinigung zur Verteidigung der Menschenrechte im Iran<\/strong><\/p>\n<h1 style=\"text-align: justify;\"><strong>Repr\u00e4sentation von E<\/strong><strong>ast-Asia<\/strong><\/h1>\n","protected":false},"excerpt":{"rendered":"<p>Vortrag, Fragen und Antworten, Diskussionen und Unterhalten Referenten und das Thema der Vortr\u00e4ge:<\/p><p><a class=\"more-link btn\" href=\"https:\/\/deutsch.bashariyat.org\/?p=3525\">Weiterlesen<\/a><\/p>\n","protected":false},"author":2,"featured_media":0,"comment_status":"closed","ping_status":"closed","sticky":false,"template":"","format":"standard","meta":{"footnotes":""},"categories":[10],"tags":[],"class_list":["post-3525","post","type-post","status-publish","format-standard","hentry","category-rueckruf","item-wrap"],"_links":{"self":[{"href":"https:\/\/deutsch.bashariyat.org\/index.php?rest_route=\/wp\/v2\/posts\/3525","targetHints":{"allow":["GET"]}}],"collection":[{"href":"https:\/\/deutsch.bashariyat.org\/index.php?rest_route=\/wp\/v2\/posts"}],"about":[{"href":"https:\/\/deutsch.bashariyat.org\/index.php?rest_route=\/wp\/v2\/types\/post"}],"author":[{"embeddable":true,"href":"https:\/\/deutsch.bashariyat.org\/index.php?rest_route=\/wp\/v2\/users\/2"}],"replies":[{"embeddable":true,"href":"https:\/\/deutsch.bashariyat.org\/index.php?rest_route=%2Fwp%2Fv2%2Fcomments&post=3525"}],"version-history":[{"count":1,"href":"https:\/\/deutsch.bashariyat.org\/index.php?rest_route=\/wp\/v2\/posts\/3525\/revisions"}],"predecessor-version":[{"id":3526,"href":"https:\/\/deutsch.bashariyat.org\/index.php?rest_route=\/wp\/v2\/posts\/3525\/revisions\/3526"}],"wp:attachment":[{"href":"https:\/\/deutsch.bashariyat.org\/index.php?rest_route=%2Fwp%2Fv2%2Fmedia&parent=3525"}],"wp:term":[{"taxonomy":"category","embeddable":true,"href":"https:\/\/deutsch.bashariyat.org\/index.php?rest_route=%2Fwp%2Fv2%2Fcategories&post=3525"},{"taxonomy":"post_tag","embeddable":true,"href":"https:\/\/deutsch.bashariyat.org\/index.php?rest_route=%2Fwp%2Fv2%2Ftags&post=3525"}],"curies":[{"name":"wp","href":"https:\/\/api.w.org\/{rel}","templated":true}]}}