{"id":3539,"date":"2020-09-04T22:31:27","date_gmt":"2020-09-04T20:31:27","guid":{"rendered":"https:\/\/deutsch.bashariyat.org\/?p=3539"},"modified":"2020-09-07T22:34:36","modified_gmt":"2020-09-07T20:34:36","slug":"statistischer-bericht-ueber-die-verletzungen-von-kunst-und-kuenstlerrechten-august-2020-ebrahim-fadakar","status":"publish","type":"post","link":"https:\/\/deutsch.bashariyat.org\/?p=3539","title":{"rendered":"Statistischer Bericht \u00fcber die  Verletzungen von Kunst- und K\u00fcnstlerrechten, August 2020  Ebrahim Fadakar"},"content":{"rendered":"<p style=\"text-align: justify;\"><strong> <a href=\"https:\/\/deutsch.bashariyat.org\/wp-content\/uploads\/2020\/09\/2.jpg\"><img loading=\"lazy\" decoding=\"async\" class=\"size-full wp-image-3541 aligncenter\" src=\"https:\/\/deutsch.bashariyat.org\/wp-content\/uploads\/2020\/09\/2.jpg\" alt=\"\" width=\"509\" height=\"237\" data-id=\"3541\" srcset=\"https:\/\/deutsch.bashariyat.org\/wp-content\/uploads\/2020\/09\/2.jpg 509w, https:\/\/deutsch.bashariyat.org\/wp-content\/uploads\/2020\/09\/2-300x140.jpg 300w\" sizes=\"auto, (max-width: 509px) 100vw, 509px\" \/><\/a><\/strong><\/p>\n<p style=\"text-align: justify;\"><strong>Tabelle \u00fcber die Verletzungen von Kunst- und K\u00fcnstlerrechten, August 2020<\/strong><!--more--><\/p>\n<table width=\"528\">\n<tbody>\n<tr>\n<td width=\"51\"><strong>Fall<\/strong><\/td>\n<td width=\"418\"><strong>Problem<\/strong><\/td>\n<td width=\"59\"><strong>Reihe<\/strong><\/td>\n<\/tr>\n<tr>\n<td width=\"51\">6<\/td>\n<td width=\"418\">Wissenschaftlich-Kulturell<\/td>\n<td width=\"59\">1<\/td>\n<\/tr>\n<tr>\n<td width=\"51\">3<\/td>\n<td width=\"418\">M\u00e4ngel und Benachteiligung<\/td>\n<td width=\"59\">2<\/td>\n<\/tr>\n<tr>\n<td width=\"51\">1<\/td>\n<td width=\"418\">Abbrechung von Konzerten und Filmvorf\u00fchrungen<\/td>\n<td width=\"59\">3<\/td>\n<\/tr>\n<tr>\n<td width=\"51\">2<\/td>\n<td width=\"418\">Presse<\/td>\n<td width=\"59\">4<\/td>\n<\/tr>\n<tr>\n<td width=\"51\">0<\/td>\n<td width=\"418\">Inhaftierte K\u00fcnstler<\/td>\n<td width=\"59\">5<\/td>\n<\/tr>\n<tr>\n<td width=\"51\">4<\/td>\n<td width=\"418\">Proteste, Kritik und Versammlungen<\/td>\n<td width=\"59\">6<\/td>\n<\/tr>\n<tr>\n<td width=\"51\">1<\/td>\n<td width=\"418\">Sozial<\/td>\n<td width=\"59\">7<\/td>\n<\/tr>\n<\/tbody>\n<\/table>\n<p style=\"text-align: justify;\"><strong>\u00a0<\/strong>F\u00fcr weitere Informationen: Die oben genannten Statistiken wurden aus in- und ausl\u00e4ndischen Medienberichten zusammengestellt, die von der Regierung der Islamischen Republik Iran genehmigt wurden, und k\u00f6nnen in der Praxis nicht mehr als 30% der Tatsachen der Gesellschaft ausmachen. Diese Berichte wurden auf der Website des Komitees zur Verteidigung der Kunstrechte, die von in- und ausl\u00e4ndischen Medien wie ISNA, HRANA, IRNA, ILNA, Honar Online, dem Club f\u00fcr junge Journalisten, der Nachrichtenagentur Fars, Kayhan, Hamshahri Online und Mehr News gesammelt. Weitere Informationen finden Sie unter folgendem Link:m<\/p>\n<p style=\"text-align: justify;\">\u00a0 <a href=\"http:\/\/honar.bashariyat.org\/\">http:\/\/honar.bashariyat.org<\/a><\/p>\n","protected":false},"excerpt":{"rendered":"<p>Tabelle \u00fcber die Verletzungen von Kunst- und K\u00fcnstlerrechten, August 2020<\/p><p><a class=\"more-link btn\" href=\"https:\/\/deutsch.bashariyat.org\/?p=3539\">Weiterlesen<\/a><\/p>\n","protected":false},"author":2,"featured_media":0,"comment_status":"closed","ping_status":"closed","sticky":false,"template":"","format":"standard","meta":{"footnotes":""},"categories":[68],"tags":[],"class_list":["post-3539","post","type-post","status-publish","format-standard","hentry","category-monatlicher-bericht","item-wrap"],"_links":{"self":[{"href":"https:\/\/deutsch.bashariyat.org\/index.php?rest_route=\/wp\/v2\/posts\/3539","targetHints":{"allow":["GET"]}}],"collection":[{"href":"https:\/\/deutsch.bashariyat.org\/index.php?rest_route=\/wp\/v2\/posts"}],"about":[{"href":"https:\/\/deutsch.bashariyat.org\/index.php?rest_route=\/wp\/v2\/types\/post"}],"author":[{"embeddable":true,"href":"https:\/\/deutsch.bashariyat.org\/index.php?rest_route=\/wp\/v2\/users\/2"}],"replies":[{"embeddable":true,"href":"https:\/\/deutsch.bashariyat.org\/index.php?rest_route=%2Fwp%2Fv2%2Fcomments&post=3539"}],"version-history":[{"count":1,"href":"https:\/\/deutsch.bashariyat.org\/index.php?rest_route=\/wp\/v2\/posts\/3539\/revisions"}],"predecessor-version":[{"id":3542,"href":"https:\/\/deutsch.bashariyat.org\/index.php?rest_route=\/wp\/v2\/posts\/3539\/revisions\/3542"}],"wp:attachment":[{"href":"https:\/\/deutsch.bashariyat.org\/index.php?rest_route=%2Fwp%2Fv2%2Fmedia&parent=3539"}],"wp:term":[{"taxonomy":"category","embeddable":true,"href":"https:\/\/deutsch.bashariyat.org\/index.php?rest_route=%2Fwp%2Fv2%2Fcategories&post=3539"},{"taxonomy":"post_tag","embeddable":true,"href":"https:\/\/deutsch.bashariyat.org\/index.php?rest_route=%2Fwp%2Fv2%2Ftags&post=3539"}],"curies":[{"name":"wp","href":"https:\/\/api.w.org\/{rel}","templated":true}]}}