{"id":3548,"date":"2020-09-07T22:53:44","date_gmt":"2020-09-07T20:53:44","guid":{"rendered":"https:\/\/deutsch.bashariyat.org\/?p=3548"},"modified":"2020-09-07T22:53:44","modified_gmt":"2020-09-07T20:53:44","slug":"audio-sitzungsbericht-der-respraesentation-von-baden-wuerttemberg-am-28-august-2020","status":"publish","type":"post","link":"https:\/\/deutsch.bashariyat.org\/?p=3548","title":{"rendered":"Audio-Sitzungsbericht der Respr\u00e4sentation von  \u00a0Baden-W\u00fcrttemberg am 28.August.2020  \u00a0"},"content":{"rendered":"<p style=\"text-align: justify;\"><span style=\"font-family: tahoma, arial, helvetica, sans-serif;\">Unsere Monatlichsitzung wurde am 28.August.2020 in Anwesenheit von Mitgliedern und einer Gruppe von Menschenrechtsaktivisten um 14:00 Uhr Online in Paltalk stattgefunden.<\/span><br \/>\n<span style=\"font-family: tahoma, arial, helvetica, sans-serif;\">In dieser Sitzung werden die folgenden Themen behandelt, die Sie anh\u00f6ren k\u00f6nnen:<\/span><\/p>\n<p style=\"text-align: justify;\"><img loading=\"lazy\" decoding=\"async\" class=\"\" src=\"https:\/\/seda-tasvir.bashariyat.org\/wp-content\/uploads\/2020\/09\/photo_2020-09-05_11-10-35.jpg\" width=\"649\" height=\"243\" \/><!--more--><\/p>\n<p style=\"text-align: justify;\"><a href=\"http:\/\/azadegy.de\/jalasebaden28agust2020\/6-molaiiii.mp3\"><span style=\"font-family: tahoma, arial, helvetica, sans-serif;\"><strong>Roya Molaie Bijariesi<\/strong><strong>: <\/strong>Bericht und Analyse von Menschenrechteverletzungen im August 2020<\/span><\/a><\/p>\n<p style=\"text-align: justify;\"><a href=\"http:\/\/azadegy.de\/jalasebaden28agust2020\/5-rasol.mp3\"><span style=\"font-family: tahoma, arial, helvetica, sans-serif;\"><strong>Rasoul Abasi Zamanabadi<\/strong><strong>:<\/strong><\/span><\/a><\/p>\n<p style=\"text-align: justify;\"><span style=\"font-family: tahoma, arial, helvetica, sans-serif;\">Artikel 26 \u00dcberpr\u00fcfung der Allgemeinen Erkl\u00e4rung der Menschenrechte Und vergleichen ihn mit der Verfassung der Islamischen Republik Iran<\/span><\/p>\n<p style=\"text-align: justify;\"><span style=\"font-family: tahoma, arial, helvetica, sans-serif;\"><strong>\u00a0<\/strong><\/span><\/p>\n<p style=\"text-align: justify;\"><a href=\"http:\/\/azadegy.de\/jalasebaden28agust2020\/3-hadi.mp3\"><span style=\"font-family: tahoma, arial, helvetica, sans-serif;\"><strong>Hadi Dartomi:<\/strong> Welttag der humanit\u00e4ren Hilfe<\/span><\/a><\/p>\n<p style=\"text-align: justify;\"><a href=\"http:\/\/azadegy.de\/jalasebaden28agust2020\/4-mehrab.mp3\"><span style=\"font-family: tahoma, arial, helvetica, sans-serif;\"><strong>Mehrab Zarei: <\/strong>Jugend im Iran<\/span><\/a><\/p>\n<p style=\"text-align: justify;\"><a href=\"http:\/\/azadegy.de\/jalasebaden28agust2020\/1-samjabari.mp3\"><span style=\"font-family: tahoma, arial, helvetica, sans-serif;\"><strong>Sam Jabari Karmani: <\/strong>T\u00f6tung politischer Gefangener im Sommer 1988<\/span><\/a><\/p>\n<p style=\"text-align: justify;\"><span style=\"font-family: tahoma, arial, helvetica, sans-serif;\"><strong>\u00a0<\/strong><\/span><\/p>\n<p style=\"text-align: justify;\">\n<p style=\"text-align: justify;\"><span style=\"font-family: tahoma, arial, helvetica, sans-serif;\"><strong>Die \u00f6ffentliche Diskussion:<\/strong> <strong>Staatsb\u00fcrgerschaft (Sistan und Balochestan)<\/strong><\/span><\/p>\n<p style=\"text-align: justify;\">\n<p style=\"text-align: justify;\"><span style=\"font-family: tahoma, arial, helvetica, sans-serif;\"><strong>Vereinigung zur Verteidigung der Menschenrechte im Iran e.V.<\/strong><\/span><\/p>\n<p style=\"text-align: justify;\"><span style=\"font-family: tahoma, arial, helvetica, sans-serif;\"><strong>Repr\u00e4sentation von Baden-W\u00fcrttemberg \u00a0<\/strong><\/span><\/p>\n<p style=\"text-align: justify;\"><span style=\"font-family: tahoma, arial, helvetica, sans-serif;\"><strong>\u00a0<\/strong><\/span><\/p>\n<p style=\"text-align: justify;\">\n","protected":false},"excerpt":{"rendered":"<p>Unsere Monatlichsitzung wurde am 28.August.2020 in Anwesenheit von Mitgliedern und einer Gruppe von Menschenrechtsaktivisten um 14:00 Uhr Online in Paltalk stattgefunden. In dieser Sitzung werden die folgenden Themen behandelt, die Sie anh\u00f6ren k\u00f6nnen:<\/p><p><a class=\"more-link btn\" href=\"https:\/\/deutsch.bashariyat.org\/?p=3548\">Weiterlesen<\/a><\/p>\n","protected":false},"author":2,"featured_media":0,"comment_status":"closed","ping_status":"closed","sticky":false,"template":"","format":"standard","meta":{"footnotes":""},"categories":[11],"tags":[],"class_list":["post-3548","post","type-post","status-publish","format-standard","hentry","category-sitzungsberichte","item-wrap"],"_links":{"self":[{"href":"https:\/\/deutsch.bashariyat.org\/index.php?rest_route=\/wp\/v2\/posts\/3548","targetHints":{"allow":["GET"]}}],"collection":[{"href":"https:\/\/deutsch.bashariyat.org\/index.php?rest_route=\/wp\/v2\/posts"}],"about":[{"href":"https:\/\/deutsch.bashariyat.org\/index.php?rest_route=\/wp\/v2\/types\/post"}],"author":[{"embeddable":true,"href":"https:\/\/deutsch.bashariyat.org\/index.php?rest_route=\/wp\/v2\/users\/2"}],"replies":[{"embeddable":true,"href":"https:\/\/deutsch.bashariyat.org\/index.php?rest_route=%2Fwp%2Fv2%2Fcomments&post=3548"}],"version-history":[{"count":1,"href":"https:\/\/deutsch.bashariyat.org\/index.php?rest_route=\/wp\/v2\/posts\/3548\/revisions"}],"predecessor-version":[{"id":3549,"href":"https:\/\/deutsch.bashariyat.org\/index.php?rest_route=\/wp\/v2\/posts\/3548\/revisions\/3549"}],"wp:attachment":[{"href":"https:\/\/deutsch.bashariyat.org\/index.php?rest_route=%2Fwp%2Fv2%2Fmedia&parent=3548"}],"wp:term":[{"taxonomy":"category","embeddable":true,"href":"https:\/\/deutsch.bashariyat.org\/index.php?rest_route=%2Fwp%2Fv2%2Fcategories&post=3548"},{"taxonomy":"post_tag","embeddable":true,"href":"https:\/\/deutsch.bashariyat.org\/index.php?rest_route=%2Fwp%2Fv2%2Ftags&post=3548"}],"curies":[{"name":"wp","href":"https:\/\/api.w.org\/{rel}","templated":true}]}}