{"id":3560,"date":"2020-09-06T21:25:08","date_gmt":"2020-09-06T19:25:08","guid":{"rendered":"https:\/\/deutsch.bashariyat.org\/?p=3560"},"modified":"2020-09-08T21:28:20","modified_gmt":"2020-09-08T19:28:20","slug":"statistischer-bericht-ueber-die-verletzungen-der-rechte-iranischer-staemme-und-voelker-august-2020","status":"publish","type":"post","link":"https:\/\/deutsch.bashariyat.org\/?p=3560","title":{"rendered":"Statistischer Bericht \u00fcber  die Verletzungen der Rechte iranischer St\u00e4mme und V\u00f6lker,  August 2020"},"content":{"rendered":"<p><a href=\"https:\/\/deutsch.bashariyat.org\/wp-content\/uploads\/2020\/09\/2-5.jpg\"><img loading=\"lazy\" decoding=\"async\" class=\"size-full wp-image-3561 aligncenter\" src=\"https:\/\/deutsch.bashariyat.org\/wp-content\/uploads\/2020\/09\/2-5.jpg\" alt=\"\" width=\"625\" height=\"210\" data-id=\"3561\" srcset=\"https:\/\/deutsch.bashariyat.org\/wp-content\/uploads\/2020\/09\/2-5.jpg 625w, https:\/\/deutsch.bashariyat.org\/wp-content\/uploads\/2020\/09\/2-5-300x101.jpg 300w\" sizes=\"auto, (max-width: 625px) 100vw, 625px\" \/><\/a><\/p>\n<p style=\"text-align: center;\">Mohammad Abutalibi<\/p>\n<p style=\"text-align: center;\"><strong>Diagrammeinstellung: <\/strong><strong>Amir Abtahi<\/strong><\/p>\n<p><strong>Diagramm \u00fcber die Verletzungen der Rechte iranischer St\u00e4mme und V\u00f6lker, August 2020<\/strong><!--more--><\/p>\n<table width=\"582\">\n<tbody>\n<tr>\n<td width=\"62\"><strong>Reihe<\/strong><\/td>\n<td width=\"411\"><strong>Titel<\/strong><\/td>\n<td width=\"53\"><strong>Fall<\/strong><\/td>\n<td width=\"55\"><strong>Men-schen<\/strong><\/td>\n<\/tr>\n<tr>\n<td width=\"62\">1<\/td>\n<td width=\"411\">Allgemeine Nachrichten einschlie\u00dflich: Ank\u00fcndigungen von Menschenrechtsorganisationen, Erkl\u00e4rungen, Verletzungen sozialer Rechte, Leiden und Druck und Bedrohungen f\u00fcr die Familien politischer Aktivisten innerhalb und au\u00dferhalb des Landes<\/td>\n<td width=\"53\">14<\/td>\n<td width=\"55\">0<\/td>\n<\/tr>\n<tr>\n<td width=\"62\">2<\/td>\n<td width=\"411\">Zu den Gef\u00e4ngnissen und Gefangenen geh\u00f6ren: Gewaltt\u00e4tigkeit, Hungerstreik,Chaos, Verhinderung von Verlassen, \u00dcberstellung von Gefangenen, verletzte und get\u00f6tete Landminenarbeiter sowie auch von Gefangenen<\/td>\n<td width=\"53\"><strong>5<\/strong>1<\/td>\n<td width=\"55\"><strong>5<\/strong>6<\/td>\n<\/tr>\n<tr>\n<td width=\"62\">3<\/td>\n<td width=\"411\">Vorladungen<\/td>\n<td width=\"53\">7<\/td>\n<td width=\"55\">9<\/td>\n<\/tr>\n<tr>\n<td width=\"62\">4<\/td>\n<td width=\"411\">Ergangene Urteile,und Hinterlegung oder Ausstellung einer Kaution<\/td>\n<td width=\"53\">48<\/td>\n<td width=\"55\">72<\/td>\n<\/tr>\n<tr>\n<td width=\"62\"><strong>5<\/strong><\/td>\n<td width=\"411\">Einsatzkr\u00e4ften get\u00f6tet und verletzt<\/td>\n<td width=\"53\">11<\/td>\n<td width=\"55\">18<\/td>\n<\/tr>\n<tr>\n<td width=\"62\">6<\/td>\n<td width=\"411\">Menschen erschie\u00dfen<\/td>\n<td width=\"53\">8<\/td>\n<td width=\"55\">1<strong>5<\/strong><\/td>\n<\/tr>\n<tr>\n<td width=\"62\">7<\/td>\n<td width=\"411\">Verhaftungen<\/td>\n<td width=\"53\">46<\/td>\n<td width=\"55\">99<\/td>\n<\/tr>\n<tr>\n<td width=\"62\">8<\/td>\n<td width=\"411\">Versteckte Menschenrechtsverletzungen, darunter: Mangel an Gesundheitsversorgung und Selbstmord<\/td>\n<td width=\"53\"><strong>5<\/strong><\/td>\n<td width=\"55\">22<\/td>\n<\/tr>\n<tr>\n<td width=\"62\">Insgesamt<\/td>\n<td width=\"411\">&nbsp;<\/td>\n<td width=\"53\">190<\/td>\n<td width=\"55\">291<\/td>\n<\/tr>\n<tr>\n<td width=\"62\">\n<p style=\"text-align: justify;\">Erkl\u00e4rung<\/p>\n<\/td>\n<td colspan=\"3\" width=\"519\">\n<p style=\"text-align: justify;\">Nachrichtenquellen: Kampagne zur Verteidigung politischer Gefangener, Mafnews. Kampagne zur Verteidigung politischer Gefangener, Kordpa, ILNA, Mafnews, Rokna, Erweiterung, Etemad Zeitung, Rasanak, Tasnim, Belutschistan Menschenrechtsgruppe. Radio Zamaneh, Nachrichtenagentur Iranwire, Tabnak und Mehr, Gamaj, Menschenrechtsgruppe Belutschistan, Kampagne f\u00fcr Aktivisten in Belutsch, Sprossen, HRANA, Menschenrechtsmonitor im Iran, Menschenrechte im iranischen Kurdistan, Hengav<\/p>\n<p style=\"text-align: justify;\">\n<p>&nbsp;<\/td>\n<\/tr>\n<\/tbody>\n<\/table>\n","protected":false},"excerpt":{"rendered":"<p>Mohammad Abutalibi Diagrammeinstellung: Amir Abtahi Diagramm \u00fcber die Verletzungen der Rechte iranischer St\u00e4mme und V\u00f6lker, August 2020<\/p><p><a class=\"more-link btn\" href=\"https:\/\/deutsch.bashariyat.org\/?p=3560\">Weiterlesen<\/a><\/p>\n","protected":false},"author":2,"featured_media":0,"comment_status":"closed","ping_status":"closed","sticky":false,"template":"","format":"standard","meta":{"footnotes":""},"categories":[68],"tags":[],"class_list":["post-3560","post","type-post","status-publish","format-standard","hentry","category-monatlicher-bericht","item-wrap"],"_links":{"self":[{"href":"https:\/\/deutsch.bashariyat.org\/index.php?rest_route=\/wp\/v2\/posts\/3560","targetHints":{"allow":["GET"]}}],"collection":[{"href":"https:\/\/deutsch.bashariyat.org\/index.php?rest_route=\/wp\/v2\/posts"}],"about":[{"href":"https:\/\/deutsch.bashariyat.org\/index.php?rest_route=\/wp\/v2\/types\/post"}],"author":[{"embeddable":true,"href":"https:\/\/deutsch.bashariyat.org\/index.php?rest_route=\/wp\/v2\/users\/2"}],"replies":[{"embeddable":true,"href":"https:\/\/deutsch.bashariyat.org\/index.php?rest_route=%2Fwp%2Fv2%2Fcomments&post=3560"}],"version-history":[{"count":1,"href":"https:\/\/deutsch.bashariyat.org\/index.php?rest_route=\/wp\/v2\/posts\/3560\/revisions"}],"predecessor-version":[{"id":3562,"href":"https:\/\/deutsch.bashariyat.org\/index.php?rest_route=\/wp\/v2\/posts\/3560\/revisions\/3562"}],"wp:attachment":[{"href":"https:\/\/deutsch.bashariyat.org\/index.php?rest_route=%2Fwp%2Fv2%2Fmedia&parent=3560"}],"wp:term":[{"taxonomy":"category","embeddable":true,"href":"https:\/\/deutsch.bashariyat.org\/index.php?rest_route=%2Fwp%2Fv2%2Fcategories&post=3560"},{"taxonomy":"post_tag","embeddable":true,"href":"https:\/\/deutsch.bashariyat.org\/index.php?rest_route=%2Fwp%2Fv2%2Ftags&post=3560"}],"curies":[{"name":"wp","href":"https:\/\/api.w.org\/{rel}","templated":true}]}}