{"id":3571,"date":"2020-09-09T19:55:34","date_gmt":"2020-09-09T17:55:34","guid":{"rendered":"https:\/\/deutsch.bashariyat.org\/?p=3571"},"modified":"2020-09-14T19:57:04","modified_gmt":"2020-09-14T17:57:04","slug":"einladung-zur-sitzung-der-schweiz-repraesentation-am-13-sep-2020","status":"publish","type":"post","link":"https:\/\/deutsch.bashariyat.org\/?p=3571","title":{"rendered":"Einladung zur Sitzung der Schweiz Repr\u00e4sentation am 13.Sep.2020"},"content":{"rendered":"<p style=\"text-align: center;\"><span style=\"font-family: tahoma, arial, helvetica, sans-serif;\">Schweiz Repr\u00e4sentation zusammentragt <\/span><\/p>\n<p style=\"text-align: center;\">\n<span style=\"font-family: tahoma, arial, helvetica, sans-serif; color: #ff0000;\">Vortrag, Fragen und Antworten, Diskussionen und Unterhalten<\/span><\/p>\n<p style=\"text-align: justify;\">\n<span style=\"font-family: tahoma, arial, helvetica, sans-serif;\">Referenten und Vortr\u00e4ge:<\/span><span style=\"font-family: tahoma, arial, helvetica, sans-serif;\">Farhang Vali:<\/span><!--more--><\/p>\n<p style=\"text-align: justify;\">\n<span style=\"font-family: tahoma, arial, helvetica, sans-serif;\">Bericht der Menschenrechtsverletzungen im Iran f\u00fcr Monat Aug<\/span><\/p>\n<p style=\"text-align: justify;\"><span style=\"font-family: tahoma, arial, helvetica, sans-serif;\">Mehrdad Yeganeh:<\/span><br \/>\n<span style=\"font-family: tahoma, arial, helvetica, sans-serif;\">\u00dcberpr\u00fcfung des Artikels 24 der Allgemeinen Erkl\u00e4rung der Menschenrechte und dessen Vergleich mit der Verfassung der Islamischen Republik Iran<\/span><\/p>\n<p style=\"text-align: justify;\"><span style=\"font-family: tahoma, arial, helvetica, sans-serif;\">Naser Daroukhah:<\/span><br \/>\n<span style=\"font-family: tahoma, arial, helvetica, sans-serif;\">Verletzung der Rechte iranischer Gl\u00e4ubiger<\/span><\/p>\n<p style=\"text-align: justify;\"><span style=\"font-family: tahoma, arial, helvetica, sans-serif;\">Hamid Rashidi:<\/span><br \/>\n<span style=\"font-family: tahoma, arial, helvetica, sans-serif;\">D\u00fcrre<\/span><\/p>\n<p><span style=\"font-family: tahoma, arial, helvetica, sans-serif;\">Rasool Pourazad:<\/span><br \/>\n<span style=\"font-family: tahoma, arial, helvetica, sans-serif;\">Internationaler Tag der Alphabetisierung<\/span><\/p>\n<p><span style=\"font-family: tahoma, arial, helvetica, sans-serif;\">Am Ende jedes Abschnitts finden Fragen und Antworten statt<\/span><br \/>\n<span style=\"font-family: tahoma, arial, helvetica, sans-serif;\">die \u00f6ffentliche Diskussion:<\/span><\/p>\n<p style=\"text-align: justify;\"><span style=\"font-family: tahoma, arial, helvetica, sans-serif;\">Nationale Souver\u00e4nit\u00e4t (Fischer in einem 25-Jahres-Vertrag mit China)<\/span><br \/>\n<span style=\"font-family: tahoma, arial, helvetica, sans-serif;\">Zeit: Sontag, 13.Sep. 2020 um 13:00 Uhr MEZ<\/span><br \/>\n<span style=\"font-family: tahoma, arial, helvetica, sans-serif;\">Veranstaltungsort:<\/span><br \/>\n<span style=\"font-family: tahoma, arial, helvetica, sans-serif;\">Kasama ,Millit\u00e4rstrasse87A ;8004 Z\u00fcrich<\/span><br \/>\n<span style=\"font-family: tahoma, arial, helvetica, sans-serif;\">Paltalk Civic, Workplace von Paltalk ; View all<\/span><br \/>\n<span style=\"font-family: tahoma, arial, helvetica, sans-serif;\">Social, Issues and Politics<\/span><br \/>\n<span style=\"font-family: tahoma, arial, helvetica, sans-serif;\">Human Rights<\/span><br \/>\n<span style=\"font-family: tahoma, arial, helvetica, sans-serif;\">Kanoon Defa az Hoghogh Bashar dar Iran Namayandegi switzerland <\/span><br \/>\n<span style=\"font-family: tahoma, arial, helvetica, sans-serif;\">Unsere Kollegen und Aktivisten, die uns bei diesem Treffen helfen:<\/span><br \/>\n<span style=\"font-family: tahoma, arial, helvetica, sans-serif;\">Verantwortlich f\u00fcr die Sitzung: Reza Amiri<\/span><br \/>\n<span style=\"font-family: tahoma, arial, helvetica, sans-serif;\">Sekret\u00e4rin\/er: Firouzeh Dehbozorgi<\/span><br \/>\n<span style=\"font-family: tahoma, arial, helvetica, sans-serif;\">Admins: Ali Emamgholi, Jafar Fard karimi, Hadi Jafarpour<\/span><br \/>\n<span style=\"font-family: tahoma, arial, helvetica, sans-serif;\">Tonaufnahme: Hadi Jafarpour<\/span><br \/>\n<span style=\"font-family: tahoma, arial, helvetica, sans-serif;\">Vereinigung zur Verteidigung der Menschenrechte im Iran Schweiz Repr\u00e4sentation<\/span><\/p>\n","protected":false},"excerpt":{"rendered":"<p>Schweiz Repr\u00e4sentation zusammentragt Vortrag, Fragen und Antworten, Diskussionen und Unterhalten Referenten und Vortr\u00e4ge:Farhang Vali:<\/p><p><a class=\"more-link btn\" href=\"https:\/\/deutsch.bashariyat.org\/?p=3571\">Weiterlesen<\/a><\/p>\n","protected":false},"author":2,"featured_media":0,"comment_status":"closed","ping_status":"closed","sticky":false,"template":"","format":"standard","meta":{"footnotes":""},"categories":[10],"tags":[],"class_list":["post-3571","post","type-post","status-publish","format-standard","hentry","category-rueckruf","item-wrap"],"_links":{"self":[{"href":"https:\/\/deutsch.bashariyat.org\/index.php?rest_route=\/wp\/v2\/posts\/3571","targetHints":{"allow":["GET"]}}],"collection":[{"href":"https:\/\/deutsch.bashariyat.org\/index.php?rest_route=\/wp\/v2\/posts"}],"about":[{"href":"https:\/\/deutsch.bashariyat.org\/index.php?rest_route=\/wp\/v2\/types\/post"}],"author":[{"embeddable":true,"href":"https:\/\/deutsch.bashariyat.org\/index.php?rest_route=\/wp\/v2\/users\/2"}],"replies":[{"embeddable":true,"href":"https:\/\/deutsch.bashariyat.org\/index.php?rest_route=%2Fwp%2Fv2%2Fcomments&post=3571"}],"version-history":[{"count":1,"href":"https:\/\/deutsch.bashariyat.org\/index.php?rest_route=\/wp\/v2\/posts\/3571\/revisions"}],"predecessor-version":[{"id":3573,"href":"https:\/\/deutsch.bashariyat.org\/index.php?rest_route=\/wp\/v2\/posts\/3571\/revisions\/3573"}],"wp:attachment":[{"href":"https:\/\/deutsch.bashariyat.org\/index.php?rest_route=%2Fwp%2Fv2%2Fmedia&parent=3571"}],"wp:term":[{"taxonomy":"category","embeddable":true,"href":"https:\/\/deutsch.bashariyat.org\/index.php?rest_route=%2Fwp%2Fv2%2Fcategories&post=3571"},{"taxonomy":"post_tag","embeddable":true,"href":"https:\/\/deutsch.bashariyat.org\/index.php?rest_route=%2Fwp%2Fv2%2Ftags&post=3571"}],"curies":[{"name":"wp","href":"https:\/\/api.w.org\/{rel}","templated":true}]}}