{"id":3578,"date":"2020-09-09T20:09:08","date_gmt":"2020-09-09T18:09:08","guid":{"rendered":"https:\/\/deutsch.bashariyat.org\/?p=3578"},"modified":"2020-09-14T20:10:00","modified_gmt":"2020-09-14T18:10:00","slug":"einladung-zur-sitzung-des-verteidigungsausschuss-der-anhaenger-der-religionen-rechte-im-iran-am-13-sep-2020","status":"publish","type":"post","link":"https:\/\/deutsch.bashariyat.org\/?p=3578","title":{"rendered":"Einladung zur Sitzung\u00a0 des Verteidigungsausschuss der Anh\u00e4nger der Religionen-Rechte im Iran am 13.Sep.2020"},"content":{"rendered":"<p style=\"text-align: center;\"><span style=\"font-size: 18pt; font-family: tahoma, arial, helvetica, sans-serif;\">Eine Bewegung f\u00fcr Bewusstsein und Gerechtigkeit im Iran<\/span><\/p>\n<p style=\"text-align: center;\"><span style=\"font-size: 18pt; font-family: tahoma, arial, helvetica, sans-serif;\"><strong>\u00a0<\/strong><\/span><\/p>\n<p style=\"text-align: center;\"><span style=\"font-size: 18pt; font-family: tahoma, arial, helvetica, sans-serif; color: #ff0000;\">Vortrag, Fragen und Antworten, Diskussionen und Unterhalten<\/span><\/p>\n<p>&nbsp;<\/p>\n<p><span style=\"font-family: tahoma, arial, helvetica, sans-serif;\"><strong>Referenten und das Thema der Vortr\u00e4ge:<\/strong><!--more--><\/span><\/p>\n<p><span style=\"font-family: tahoma, arial, helvetica, sans-serif;\"><strong>\u00a0<\/strong><\/span><\/p>\n<p><span style=\"font-family: tahoma, arial, helvetica, sans-serif;\"><strong>Seyed Shayan Hoseinibarzi <\/strong><strong>\u00a0:<\/strong><\/span><\/p>\n<p><span style=\"font-family: tahoma, arial, helvetica, sans-serif;\">Bericht und Analyse der Menschenrechteverletzungen der Anh\u00e4nger Religionen im Juli\/August 2020<\/span><\/p>\n<p>&nbsp;<\/p>\n<p><span style=\"font-family: tahoma, arial, helvetica, sans-serif;\"><strong>Azar Erhami <\/strong><strong>\u00a0:<\/strong><\/span><\/p>\n<p><span style=\"font-family: tahoma, arial, helvetica, sans-serif;\">\u00dcberpr\u00fcfung des Artikels 9 der Allgemeinen Erkl\u00e4rung der Menschenrechte Und dessen Vergleich mit der Verfassung der Islamischen Republik Iran<\/span><\/p>\n<p><span style=\"font-family: tahoma, arial, helvetica, sans-serif;\"><strong>\u00a0<\/strong><\/span><\/p>\n<p><span style=\"font-family: tahoma, arial, helvetica, sans-serif;\"><strong>Atefeh Khajeh Nasiri <\/strong><strong>\u00a0:<\/strong><\/span><\/p>\n<p><span style=\"font-family: tahoma, arial, helvetica, sans-serif;\">Der Folter in der Islamischen Republik<\/span><\/p>\n<p>&nbsp;<\/p>\n<p><span style=\"font-family: tahoma, arial, helvetica, sans-serif;\"><strong>Sharareh Hadizadeh Reisi<\/strong> <strong>\u00a0:<\/strong><\/span><\/p>\n<p><span style=\"font-family: tahoma, arial, helvetica, sans-serif;\">Die Christen im Iran<\/span><\/p>\n<p>&nbsp;<\/p>\n<p><span style=\"font-family: tahoma, arial, helvetica, sans-serif;\"><strong>Mehrnoush Imani Chegeni <\/strong><strong>\u00a0:<\/strong><\/span><\/p>\n<p><span style=\"font-family: tahoma, arial, helvetica, sans-serif;\">Umfang des Rechts auf Religionsfreiheit in internationalen Dokumente der Menschenrechte<\/span><\/p>\n<p>&nbsp;<\/p>\n<p>&nbsp;<\/p>\n<p><span style=\"font-family: tahoma, arial, helvetica, sans-serif;\">Ihre Meinungen, Ihre Fragen und Antworten am Ende jedes Abschnitts bringen uns unseren gemeinsamen Zielen n\u00e4her.<\/span><\/p>\n<p><span style=\"font-family: tahoma, arial, helvetica, sans-serif;\"><strong>Die \u00f6ffentliche Diskussion <\/strong>(Unter der Leitung von Herrn Afshin Shahinzadeh) <strong>:<\/strong><\/span><\/p>\n<p><span style=\"font-family: tahoma, arial, helvetica, sans-serif;\">Das Recht auf Demokratie<\/span><\/p>\n<p>&nbsp;<\/p>\n<p><span style=\"font-family: tahoma, arial, helvetica, sans-serif;\">Die Planung und die Prognose f\u00fcr die Aktivit\u00e4ten des n\u00e4chsten Monats<\/span><\/p>\n<p>&nbsp;<\/p>\n<p><span style=\"font-family: tahoma, arial, helvetica, sans-serif;\"><strong>Zeit: <\/strong>Sonntag, 13.Sep.2020, um 17:00 Uhr MEZ<\/span><\/p>\n<p><span style=\"font-family: tahoma, arial, helvetica, sans-serif;\"><strong>Veranstaltungsort<\/strong><strong>:<\/strong> Paltalk Civic, Workplace des Verteidigungsausschuss der Anh\u00e4nger der Religionen-Rechte<\/span><\/p>\n<p><span style=\"font-family: tahoma, arial, helvetica, sans-serif;\">Paltalk; View all<\/span><\/p>\n<p><span style=\"font-family: tahoma, arial, helvetica, sans-serif;\">Social, Issues and Politics<\/span><\/p>\n<p><span style=\"font-family: tahoma, arial, helvetica, sans-serif;\">Human Rights<\/span><\/p>\n<p><span style=\"font-family: tahoma, arial, helvetica, sans-serif;\">Kanoon Defa az Hoghogh Bashar dar Iran, Komitteh Adian<\/span><\/p>\n<p>&nbsp;<\/p>\n<p><span style=\"font-family: tahoma, arial, helvetica, sans-serif;\">Unsere Kollegen und Aktivisten, die uns bei diesem Treffen helfen:<\/span><\/p>\n<p><span style=\"font-family: tahoma, arial, helvetica, sans-serif;\"><strong>Verantwortlich f\u00fcr die Sitzung:<\/strong> Reza Abbasi Zamanabadi<\/span><\/p>\n<p><span style=\"font-family: tahoma, arial, helvetica, sans-serif;\"><strong>Sekret\u00e4r\/in der Sitzung:<\/strong> Sam Jabbari Kermani\u00a0<\/span><\/p>\n<p><span style=\"font-family: tahoma, arial, helvetica, sans-serif;\"><strong>Tonaufnahme:<\/strong> Rasoul Abbasi Zamanabadi, Mahmoud Ghafourian Pirnia<\/span><\/p>\n<p><span style=\"font-family: tahoma, arial, helvetica, sans-serif;\"><strong>Admins:<\/strong> Sam Jabbari Kermani, Reza Abbasi Zamanabadi, Hadi Dartomi, Rasoul Abbasi Zamanabadi, Hashem Rezaee<\/span><\/p>\n<p>&nbsp;<\/p>\n<p><span style=\"font-family: tahoma, arial, helvetica, sans-serif;\"><strong>Vereinigung zur Verteidigung der Menschenrechte im Iran<\/strong><\/span><\/p>\n<p><span style=\"font-family: tahoma, arial, helvetica, sans-serif;\"><strong>\u00a0<\/strong><\/span><\/p>\n<p><span style=\"font-family: tahoma, arial, helvetica, sans-serif;\"><strong>Ausschuss f\u00fcr die Anh\u00e4nger der Religionen<\/strong><\/span><\/p>\n<p><span style=\"font-family: tahoma, arial, helvetica, sans-serif;\"><strong>\u00a0<\/strong><\/span><\/p>\n<p><span style=\"font-family: tahoma, arial, helvetica, sans-serif;\"><strong>\u00a0<\/strong><\/span><\/p>\n<p><span style=\"font-family: tahoma, arial, helvetica, sans-serif;\"><strong>\u00a0<\/strong><\/span><\/p>\n<p><span style=\"font-family: tahoma, arial, helvetica, sans-serif;\">Der \u00dcbersetzer: Mohammadhasan Hasanzadehmehrabadi<\/span><\/p>\n<p><span style=\"font-family: tahoma, arial, helvetica, sans-serif;\"><strong>\u00a0<\/strong><\/span><\/p>\n","protected":false},"excerpt":{"rendered":"<p>Eine Bewegung f\u00fcr Bewusstsein und Gerechtigkeit im Iran \u00a0 Vortrag, Fragen und Antworten, Diskussionen und Unterhalten &nbsp; Referenten und das Thema der Vortr\u00e4ge:<\/p><p><a class=\"more-link btn\" href=\"https:\/\/deutsch.bashariyat.org\/?p=3578\">Weiterlesen<\/a><\/p>\n","protected":false},"author":2,"featured_media":0,"comment_status":"closed","ping_status":"closed","sticky":false,"template":"","format":"standard","meta":{"footnotes":""},"categories":[10],"tags":[],"class_list":["post-3578","post","type-post","status-publish","format-standard","hentry","category-rueckruf","item-wrap"],"_links":{"self":[{"href":"https:\/\/deutsch.bashariyat.org\/index.php?rest_route=\/wp\/v2\/posts\/3578","targetHints":{"allow":["GET"]}}],"collection":[{"href":"https:\/\/deutsch.bashariyat.org\/index.php?rest_route=\/wp\/v2\/posts"}],"about":[{"href":"https:\/\/deutsch.bashariyat.org\/index.php?rest_route=\/wp\/v2\/types\/post"}],"author":[{"embeddable":true,"href":"https:\/\/deutsch.bashariyat.org\/index.php?rest_route=\/wp\/v2\/users\/2"}],"replies":[{"embeddable":true,"href":"https:\/\/deutsch.bashariyat.org\/index.php?rest_route=%2Fwp%2Fv2%2Fcomments&post=3578"}],"version-history":[{"count":1,"href":"https:\/\/deutsch.bashariyat.org\/index.php?rest_route=\/wp\/v2\/posts\/3578\/revisions"}],"predecessor-version":[{"id":3579,"href":"https:\/\/deutsch.bashariyat.org\/index.php?rest_route=\/wp\/v2\/posts\/3578\/revisions\/3579"}],"wp:attachment":[{"href":"https:\/\/deutsch.bashariyat.org\/index.php?rest_route=%2Fwp%2Fv2%2Fmedia&parent=3578"}],"wp:term":[{"taxonomy":"category","embeddable":true,"href":"https:\/\/deutsch.bashariyat.org\/index.php?rest_route=%2Fwp%2Fv2%2Fcategories&post=3578"},{"taxonomy":"post_tag","embeddable":true,"href":"https:\/\/deutsch.bashariyat.org\/index.php?rest_route=%2Fwp%2Fv2%2Ftags&post=3578"}],"curies":[{"name":"wp","href":"https:\/\/api.w.org\/{rel}","templated":true}]}}