{"id":3632,"date":"2020-10-19T23:28:17","date_gmt":"2020-10-19T21:28:17","guid":{"rendered":"https:\/\/deutsch.bashariyat.org\/?p=3632"},"modified":"2020-10-27T00:10:20","modified_gmt":"2020-10-26T22:10:20","slug":"einladung-zur-sitzung-repraesentation-von-baden-wuerttemberg-am-25-september-2020","status":"publish","type":"post","link":"https:\/\/deutsch.bashariyat.org\/?p=3632","title":{"rendered":"Einladung zur Sitzung Repr\u00e4sentation von  Baden-W\u00fcrttemberg am 25.September.2020"},"content":{"rendered":"<p><span style=\"color: #ff0000;\">\u00a0 \u00a0 \u00a0 \u00a0 \u00a0 \u00a0 \u00a0 \u00a0 \u00a0 \u00a0 \u00a0 \u00a0 \u00a0 \u00a0 \u00a0 \u00a0 \u00a0 \u00a0 \u00a0 \u00a0 \u00a0 \u00a0 \u00a0 \u00a0 \u00a0 \u00a0 \u00a0 \u00a0 \u00a0 \u00a0 \u00a0 \u00a0 \u00a0 \u00a0 \u00a0 \u00a0 \u00a0 \u00a0 \u00a0 Baden-W\u00fcrttemberger Repr\u00e4sentation<\/span><\/p>\n<p><span style=\"color: #ff0000;\">\u00a0 \u00a0 \u00a0 \u00a0 \u00a0 \u00a0 \u00a0 \u00a0 \u00a0 \u00a0 \u00a0 \u00a0 \u00a0 \u00a0 \u00a0 \u00a0 \u00a0 \u00a0 \u00a0 \u00a0 \u00a0 \u00a0 \u00a0 \u00a0 \u00a0 \u00a0 \u00a0 Vortrag, Fragen und Antworten, Diskussionen und Unterhalten<\/span><\/p>\n<p><strong><span style=\"color: #000000;\">Referenten und das Thema der Vortr\u00e4ge:<\/span><\/strong><\/p>\n<p>Roya Molaie Bijariesi:<br \/>\nBericht und Analyse von Menschenrechteverletzungen im September 2020<\/p>\n<p>Behroz Shokrinasab:<br \/>\nArtikel 26 \u00dcberpr\u00fcfung der Allgemeinen Erkl\u00e4rung der Menschenrechte Und vergleichen ihn mit der Verfassung der Islamischen Republik Iran<!--more--><\/p>\n<p>Maryam Eftechar:<br \/>\nVerhaftungen und unbegr\u00fcndete Anklagen im Iran<\/p>\n<p>Hossein Salari:<br \/>\nInternationaler Tag zur Beseitigung der Armut<\/p>\n<p>Nori Sharifi:<br \/>\nFamilien politischer Gefangener<\/p>\n<p>Am Ende jedes Abschnitts finden Fragen und Antworten statt.<br \/>\n<strong>Die \u00f6ffentliche Diskussion:<\/strong><br \/>\nRecht auf Leben und Sicherheit des Lebens<br \/>\nZeit: Freitag 25.September.2020, um 14:00 Uhr MEZ<br \/>\nVeranstaltungsort: Paltalk Civic, Workplace von Baden W\u00fcrttemberg<br \/>\nPaltalk; View all<br \/>\nSocial Issues and Politics<br \/>\nHuman Rights<br \/>\nKanoon Defa az Hoghogh Bashar dar Iran, Baden W\u00fcrttemberg<\/p>\n<p>Unsere Kollegen und Aktivisten, die uns bei diesem Treffen helfen:<br \/>\nVerantwortlich f\u00fcr die Sitzung: Roya Molaie Bijariesi<br \/>\nSekret\u00e4r der Sitzung: Sam Jabari Kermani<br \/>\nAdmins: Roya Molaie Bijariesi, Reza Abasi Zamanabadi, Mazyar Parvizi<br \/>\nTonaufnahme: Mazyar Parvizi<\/p>\n<p>Vereinigung zur Verteidigung der Menschenrechte im Iran<br \/>\nRepr\u00e4sentation von Baden-W\u00fcrttemberg<\/p>\n","protected":false},"excerpt":{"rendered":"<p>\u00a0 \u00a0 \u00a0 \u00a0 \u00a0 \u00a0 \u00a0 \u00a0 \u00a0 \u00a0 \u00a0 \u00a0 \u00a0 \u00a0 \u00a0 \u00a0 \u00a0 \u00a0 \u00a0 \u00a0 \u00a0 \u00a0 \u00a0 \u00a0 \u00a0 \u00a0 \u00a0 \u00a0 \u00a0 \u00a0 \u00a0 \u00a0 \u00a0 \u00a0 \u00a0 \u00a0 \u00a0 \u00a0 \u00a0 Baden-W\u00fcrttemberger Repr\u00e4sentation \u00a0 \u00a0 \u00a0 \u00a0 \u00a0 \u00a0 \u00a0 \u00a0 \u00a0 \u00a0 \u00a0 \u00a0 \u00a0 \u00a0 &hellip; <\/p>\n<p><a class=\"more-link btn\" href=\"https:\/\/deutsch.bashariyat.org\/?p=3632\">Weiterlesen<\/a><\/p>\n","protected":false},"author":2,"featured_media":0,"comment_status":"closed","ping_status":"closed","sticky":false,"template":"","format":"standard","meta":{"footnotes":""},"categories":[1],"tags":[],"class_list":["post-3632","post","type-post","status-publish","format-standard","hentry","category-allgemein","item-wrap"],"_links":{"self":[{"href":"https:\/\/deutsch.bashariyat.org\/index.php?rest_route=\/wp\/v2\/posts\/3632","targetHints":{"allow":["GET"]}}],"collection":[{"href":"https:\/\/deutsch.bashariyat.org\/index.php?rest_route=\/wp\/v2\/posts"}],"about":[{"href":"https:\/\/deutsch.bashariyat.org\/index.php?rest_route=\/wp\/v2\/types\/post"}],"author":[{"embeddable":true,"href":"https:\/\/deutsch.bashariyat.org\/index.php?rest_route=\/wp\/v2\/users\/2"}],"replies":[{"embeddable":true,"href":"https:\/\/deutsch.bashariyat.org\/index.php?rest_route=%2Fwp%2Fv2%2Fcomments&post=3632"}],"version-history":[{"count":5,"href":"https:\/\/deutsch.bashariyat.org\/index.php?rest_route=\/wp\/v2\/posts\/3632\/revisions"}],"predecessor-version":[{"id":3641,"href":"https:\/\/deutsch.bashariyat.org\/index.php?rest_route=\/wp\/v2\/posts\/3632\/revisions\/3641"}],"wp:attachment":[{"href":"https:\/\/deutsch.bashariyat.org\/index.php?rest_route=%2Fwp%2Fv2%2Fmedia&parent=3632"}],"wp:term":[{"taxonomy":"category","embeddable":true,"href":"https:\/\/deutsch.bashariyat.org\/index.php?rest_route=%2Fwp%2Fv2%2Fcategories&post=3632"},{"taxonomy":"post_tag","embeddable":true,"href":"https:\/\/deutsch.bashariyat.org\/index.php?rest_route=%2Fwp%2Fv2%2Ftags&post=3632"}],"curies":[{"name":"wp","href":"https:\/\/api.w.org\/{rel}","templated":true}]}}