{"id":3647,"date":"2020-10-07T00:27:50","date_gmt":"2020-10-06T22:27:50","guid":{"rendered":"https:\/\/deutsch.bashariyat.org\/?p=3647"},"modified":"2020-10-27T00:37:12","modified_gmt":"2020-10-26T22:37:12","slug":"einladung-zur-sitzung-des-verteidigungsausschuss-der-anhaenger-der-religionen-rechte-im-iran-am-11-okt-2020","status":"publish","type":"post","link":"https:\/\/deutsch.bashariyat.org\/?p=3647","title":{"rendered":"Einladung zur Sitzung  des Verteidigungsausschuss der Anh\u00e4nger der Religionen-Rechte im Iran am 11.Okt.2020"},"content":{"rendered":"<p><span style=\"color: #ff0000;\">\u00a0 \u00a0 \u00a0 \u00a0 \u00a0 \u00a0 \u00a0 \u00a0 \u00a0 \u00a0 \u00a0 \u00a0 \u00a0 \u00a0 \u00a0 \u00a0 \u00a0 \u00a0 \u00a0 \u00a0 \u00a0 \u00a0 \u00a0 \u00a0 \u00a0 \u00a0 \u00a0 \u00a0 \u00a0 \u00a0 \u00a0 \u00a0 \u00a0 \u00a0Eine Bewegung f\u00fcr Bewusstsein und Gerechtigkeit im Iran<\/span><\/p>\n<p><span style=\"color: #ff0000;\">\u00a0 \u00a0 \u00a0 \u00a0 \u00a0 \u00a0 \u00a0 \u00a0 \u00a0 \u00a0 \u00a0 \u00a0 \u00a0 \u00a0 \u00a0 \u00a0 \u00a0 \u00a0 \u00a0 \u00a0 \u00a0 \u00a0 \u00a0 \u00a0 \u00a0 \u00a0 \u00a0 \u00a0 \u00a0 \u00a0 \u00a0 \u00a0Vortrag, Fragen und Antworten, Diskussionen und Unterhalten<\/span><\/p>\n<p><span style=\"color: #ff0000;\"><strong>\u00a0 \u00a0 \u00a0 \u00a0 \u00a0 \u00a0 \u00a0 \u00a0 \u00a0 \u00a0 \u00a0 \u00a0 \u00a0 \u00a0 \u00a0 \u00a0 \u00a0 \u00a0 \u00a0 \u00a0 \u00a0 \u00a0 \u00a0 \u00a0 \u00a0 \u00a0 \u00a0 \u00a0 \u00a0 \u00a0 \u00a0 \u00a0 \u00a0 \u00a0 \u00a0 \u00a0 \u00a0 \u00a0 \u00a0 \u00a0 \u00a0 \u00a0 \u00a0 \u00a0 \u00a0 Referenten und das Thema der Vortr\u00e4ge:<\/strong><\/span><\/p>\n<p><strong>\u00a0<\/strong><\/p>\n<p><strong>Masoumeh Nejad Mahjoub <\/strong><strong>\u00a0:<\/strong><\/p>\n<p>Bericht und Analyse der Menschenrechteverletzungen der Anh\u00e4nger Religionen im August\/Septamber 2020<\/p>\n<p>&nbsp;<\/p>\n<p><strong>Behrouz Shokrinasab <\/strong><strong>\u00a0:<\/strong><\/p>\n<p>\u00dcberpr\u00fcfung des Artikels 10 der Allgemeinen Erkl\u00e4rung der Menschenrechte Und dessen Vergleich mit der Verfassung der Islamischen Republik Iran<!--more--><\/p>\n<p><strong>\u00a0<\/strong><\/p>\n<p><strong>Gholamali Norouzpour <\/strong><strong>\u00a0:<\/strong><\/p>\n<p>Die Religion und Politik<\/p>\n<p>&nbsp;<\/p>\n<p><strong>Sam Jabbari Kermani<\/strong> <strong>\u00a0:<\/strong><\/p>\n<p>Die Situation der gewaltlosen politischen Gefangenen<\/p>\n<p>&nbsp;<\/p>\n<p><strong>Milad Parsaei <\/strong><strong>\u00a0:<\/strong><\/p>\n<p>Die Anh\u00e4nger der Ringmystik im Iran<\/p>\n<p>&nbsp;<\/p>\n<p>Ihre Meinungen, Ihre Fragen und Antworten am Ende jedes Abschnitts bringen uns unseren gemeinsamen Zielen n\u00e4her.<\/p>\n<p><strong>Die \u00f6ffentliche Diskussion <\/strong>(Unter der Leitung von Herrn Afshin Shahinzadeh) <strong>:<\/strong><\/p>\n<p>Das Recht auf nationale Souver\u00e4nit\u00e4t<\/p>\n<p>&nbsp;<\/p>\n<p>Die Planung und die Prognose f\u00fcr die Aktivit\u00e4ten des n\u00e4chsten Monats<\/p>\n<p>&nbsp;<\/p>\n<p><strong>Zeit: <\/strong>Sonntag, 11.Okt.2020, um 17:00 Uhr MEZ<\/p>\n<p><strong>Veranstaltungsort<\/strong><strong>:<\/strong> Paltalk Civic, Workplace des Verteidigungsausschuss der Anh\u00e4nger der Religionen-Rechte<\/p>\n<p>Paltalk; View all<\/p>\n<p>Social, Issues and Politics<\/p>\n<p>Human Rights<\/p>\n<p>Kanoon Defa az Hoghogh Bashar dar Iran, Komitteh Adian<\/p>\n<p>&nbsp;<\/p>\n<p>Unsere Kollegen und Aktivisten, die uns bei diesem Treffen helfen:<\/p>\n<p><strong>Verantwortlich f\u00fcr die Sitzung:<\/strong> Reza Abbasi Zamanabadi<\/p>\n<p><strong>Sekret\u00e4r\/in der Sitzung:<\/strong> Sam Jabbari Kermani<\/p>\n<p><strong>Tonaufnahme:<\/strong> Rasoul Abbasi Zamanabadi, Mahmoud Ghafourian Pirnia<\/p>\n<p><strong>Admins:<\/strong> Azar Erhami, Reza Abbasi Zamanabadi, Hadi Dartomi, Hashem Rezaee<\/p>\n<p>&nbsp;<\/p>\n<p><strong>Vereinigung zur Verteidigung der Menschenrechte im Iran<\/strong><\/p>\n<p><strong>\u00a0<\/strong><\/p>\n<p><strong>Ausschuss f\u00fcr die Anh\u00e4nger der Religionen<\/strong><\/p>\n<p><strong>\u00a0<\/strong><\/p>\n<p><strong>\u00a0<\/strong><\/p>\n<p><strong>\u00a0<\/strong><\/p>\n<p>Der \u00dcbersetzer: Mohammadhasan Hasanzadehmehrabadi<\/p>\n","protected":false},"excerpt":{"rendered":"<p>\u00a0 \u00a0 \u00a0 \u00a0 \u00a0 \u00a0 \u00a0 \u00a0 \u00a0 \u00a0 \u00a0 \u00a0 \u00a0 \u00a0 \u00a0 \u00a0 \u00a0 \u00a0 \u00a0 \u00a0 \u00a0 \u00a0 \u00a0 \u00a0 \u00a0 \u00a0 \u00a0 \u00a0 \u00a0 \u00a0 \u00a0 \u00a0 \u00a0 \u00a0Eine Bewegung f\u00fcr Bewusstsein und Gerechtigkeit im Iran \u00a0 \u00a0 \u00a0 \u00a0 \u00a0 \u00a0 \u00a0 \u00a0 \u00a0 \u00a0 \u00a0 \u00a0 \u00a0 \u00a0 &hellip; <\/p>\n<p><a class=\"more-link btn\" href=\"https:\/\/deutsch.bashariyat.org\/?p=3647\">Weiterlesen<\/a><\/p>\n","protected":false},"author":2,"featured_media":0,"comment_status":"closed","ping_status":"closed","sticky":false,"template":"","format":"standard","meta":{"footnotes":""},"categories":[1],"tags":[],"class_list":["post-3647","post","type-post","status-publish","format-standard","hentry","category-allgemein","item-wrap"],"_links":{"self":[{"href":"https:\/\/deutsch.bashariyat.org\/index.php?rest_route=\/wp\/v2\/posts\/3647","targetHints":{"allow":["GET"]}}],"collection":[{"href":"https:\/\/deutsch.bashariyat.org\/index.php?rest_route=\/wp\/v2\/posts"}],"about":[{"href":"https:\/\/deutsch.bashariyat.org\/index.php?rest_route=\/wp\/v2\/types\/post"}],"author":[{"embeddable":true,"href":"https:\/\/deutsch.bashariyat.org\/index.php?rest_route=\/wp\/v2\/users\/2"}],"replies":[{"embeddable":true,"href":"https:\/\/deutsch.bashariyat.org\/index.php?rest_route=%2Fwp%2Fv2%2Fcomments&post=3647"}],"version-history":[{"count":6,"href":"https:\/\/deutsch.bashariyat.org\/index.php?rest_route=\/wp\/v2\/posts\/3647\/revisions"}],"predecessor-version":[{"id":3653,"href":"https:\/\/deutsch.bashariyat.org\/index.php?rest_route=\/wp\/v2\/posts\/3647\/revisions\/3653"}],"wp:attachment":[{"href":"https:\/\/deutsch.bashariyat.org\/index.php?rest_route=%2Fwp%2Fv2%2Fmedia&parent=3647"}],"wp:term":[{"taxonomy":"category","embeddable":true,"href":"https:\/\/deutsch.bashariyat.org\/index.php?rest_route=%2Fwp%2Fv2%2Fcategories&post=3647"},{"taxonomy":"post_tag","embeddable":true,"href":"https:\/\/deutsch.bashariyat.org\/index.php?rest_route=%2Fwp%2Fv2%2Ftags&post=3647"}],"curies":[{"name":"wp","href":"https:\/\/api.w.org\/{rel}","templated":true}]}}